{"id":303,"date":"2026-08-28T08:59:12","date_gmt":"2026-08-28T05:59:12","guid":{"rendered":"https:\/\/sites.utu.fi\/ailawlab\/?p=303"},"modified":"2026-08-28T09:10:25","modified_gmt":"2026-08-28T06:10:25","slug":"home","status":"publish","type":"post","link":"https:\/\/sites.utu.fi\/ailawlab\/home\/","title":{"rendered":""},"content":{"rendered":"\n<div style=\"font-family:'Noto Sans',system-ui,sans-serif;color:#1c2422;display:flex;flex-direction:column;gap:20px;margin:0 0 8px\">\n<section style=\"border-radius:18px;overflow:hidden;padding:clamp(28px,5vw,64px);background-color:#004A43;display:flex;flex-direction:column;gap:18px;gap:14px\">\n<p style=\"font-size:0.76rem;font-weight:800;letter-spacing:0.14em;text-transform:uppercase;margin:0 0 12px;color:#B3122A;color:#ADCB00;margin:0\">Turun yliopisto \u00b7 Oikeustieteellinen tiedekunta<\/p>\n<h1 style=\"font-family:'Playfair Display',Georgia,serif;font-size:clamp(2.4rem,6.5vw,4rem);font-weight:700;line-height:1.02;letter-spacing:-0.02em;margin:0;color:#F4F1E6\">AI Law Lab<span style=\"color:#F8485E\">.<\/span><\/h1>\n<p style=\"overflow-wrap:break-word;margin:0;font-size:1rem;line-height:1.6;color:#cfd8d4;font-size:1.07rem;max-width:46em\">Opetamme EU:n teko\u00e4lyoikeutta. Kehit\u00e4mme teko\u00e4lytaitoja vastuullisesti. Kokoamme teko\u00e4lyst\u00e4 kiinnostuneet juristit yhteen.<\/p>\n<div style=\"display:flex;flex-wrap:wrap;gap:12px;margin-top:6px\">\n<a href=\"#tapahtuma\" style=\"display:inline-block;padding:14px 26px;border-radius:999px;font-weight:700;font-size:0.97rem;text-decoration:none;line-height:1.2;background-color:#F4F1E6;color:#004A43;border:2px solid #F4F1E6\">Launch 23.9.2026 \u2192<\/a>\n<a href=\"#yhteys\" style=\"display:inline-block;padding:14px 26px;border-radius:999px;font-weight:700;font-size:0.97rem;text-decoration:none;line-height:1.2;color:#F4F1E6;border:2px solid #cfd8d4\">Ota yhteytt\u00e4<\/a>\n<\/div>\n<\/section>\n<section id=\"tapahtuma\" style=\"border-radius:18px;overflow:hidden;padding:clamp(28px,5vw,64px);background-color:#E9E3CF;display:flex;flex-direction:column;gap:18px\">\n<div><p style=\"font-size:0.76rem;font-weight:800;letter-spacing:0.14em;text-transform:uppercase;margin:0 0 12px;color:#B3122A\">AI Law Labin ensimm\u00e4inen tapahtuma<\/p><h2 style=\"overflow-wrap:break-word;font-family:'Playfair Display',Georgia,serif;font-size:clamp(1.45rem,3.6vw,2.5rem);font-weight:700;line-height:1.15;margin:0;color:#004A43\">AI Law Lab aloittaa keskiviikkona 23.9.<\/h2><\/div>\n<p style=\"overflow-wrap:break-word;margin:0;font-size:1rem;line-height:1.6;color:#4a5450;max-width:48em\">AI Law Labin ensimm\u00e4isess\u00e4 p\u00e4iv\u00e4ss\u00e4 on kaksi osaa. Aamup\u00e4iv\u00e4ll\u00e4 puhutaan, iltap\u00e4iv\u00e4ll\u00e4 tehd\u00e4\u00e4n. Tule mukaan jompaan kumpaan tai molempiin.<\/p>\n<div style=\"display:flex;flex-wrap:wrap;gap:18px;margin-top:6px\">\n<div style=\"flex:1 1 280px;background-color:#ffffff;border:1px solid #cfdbd8;border-radius:14px;padding:26px 24px;display:flex;flex-direction:column;gap:10px\"><span style=\"align-self:flex-start;font-size:0.67rem;font-weight:800;letter-spacing:0.1em;text-transform:uppercase;padding:5px 12px;border-radius:999px;background-color:#e2eae8;color:#004A43\">Avoin kaikille<\/span><h3 style=\"overflow-wrap:break-word;font-family:'Playfair Display',Georgia,serif;font-size:1.28rem;font-weight:600;line-height:1.2;margin:0;color:#004A43\">Puhutaan juristeista ja teko\u00e4lyst\u00e4<\/h3><p style=\"margin:0;font-weight:700;color:#004A43;font-size:0.99rem\">klo 10.15\u201311.30 \u00b7 Publicum 2 \u00b7 ei ilmoittautumista<\/p><p style=\"overflow-wrap:break-word;margin:0;font-size:1rem;line-height:1.6;color:#4a5450;font-size:0.98rem\">Tule kuulemaan ja keskustelemaan siit\u00e4, mihin teko\u00e4ly, teko\u00e4lyjuridiikka ja juristiprofessio ovat menossa. Kerromme samalla, mit\u00e4 AI Law Labissa opetetaan.<\/p><\/div>\n<div style=\"flex:1 1 280px;background-color:#ffffff;border:1px solid #cfdbd8;border-radius:14px;padding:26px 24px;display:flex;flex-direction:column;gap:10px;border:2px solid #004A43\"><span style=\"align-self:flex-start;font-size:0.67rem;font-weight:800;letter-spacing:0.1em;text-transform:uppercase;padding:5px 12px;border-radius:999px;background-color:#ADCB00;color:#223300\">30 opiskelijalle<\/span><h3 style=\"overflow-wrap:break-word;font-family:'Playfair Display',Georgia,serif;font-size:1.28rem;font-weight:600;line-height:1.2;margin:0;color:#004A43\">Tehd\u00e4\u00e4n sovellus<\/h3><p style=\"margin:0;font-weight:700;color:#004A43;font-size:0.99rem\">klo 12\u201318 \u00b7 Mauno Circus<\/p><p style=\"overflow-wrap:break-word;margin:0;font-size:1rem;line-height:1.6;color:#4a5450;font-size:0.98rem\">Tule kokeilemaan hackathonissa, mit\u00e4 juristi voi teko\u00e4lyll\u00e4 oikeasti tehd\u00e4. Keissin tuo Verisure. Pizzat maksaa tiedekunta.<\/p><\/div>\n<\/div>\n<div style=\"background-color:#00352f;border-radius:14px;padding:26px 28px;display:flex;flex-wrap:wrap;gap:20px;align-items:center;justify-content:space-between;margin-top:8px\">\n<div style=\"flex:1 1 260px\"><p style=\"font-family:'Playfair Display',Georgia,serif;font-size:1.45rem;font-weight:700;color:#ADCB00;margin:0 0 6px\">Hackathonissa on 30 paikkaa.<\/p><p style=\"overflow-wrap:break-word;margin:0;font-size:1rem;line-height:1.6;color:#cfd8d4;font-size:0.97rem\">Kerro 16.9. menness\u00e4, miksi sinun pit\u00e4isi p\u00e4\u00e4st\u00e4 mukaan.<\/p><\/div>\n<a href=\"https:\/\/eve.utu.fi\/event\/421\/registrations\/394\/\" style=\"display:inline-block;padding:14px 26px;border-radius:999px;font-weight:700;font-size:0.97rem;text-decoration:none;line-height:1.2;background-color:#F4F1E6;color:#004A43;border:2px solid #F4F1E6\" rel=\"noopener\">Ilmoittaudu \u2192<\/a>\n<\/div>\n<\/section>\n<section style=\"border-radius:18px;overflow:hidden;padding:clamp(28px,5vw,64px);background-color:#F6F4EC;border:1px solid #e3ded0;display:flex;flex-wrap:wrap;gap:clamp(24px,4vw,56px)\">\n<div style=\"flex:1 1 260px\"><p style=\"font-size:0.76rem;font-weight:800;letter-spacing:0.14em;text-transform:uppercase;margin:0 0 12px;color:#B3122A\">Miksi Lab on olemassa<\/p><h2 style=\"overflow-wrap:break-word;font-family:'Playfair Display',Georgia,serif;font-size:clamp(1.45rem,3.6vw,2.5rem);font-weight:700;line-height:1.15;margin:0;color:#004A43\">Oikeudenmukaisuuden puolesta teko\u00e4lyn aikakaudella.<\/h2><\/div>\n<div style=\"flex:1 1 340px;display:flex;flex-direction:column;gap:16px\">\n<p style=\"overflow-wrap:break-word;margin:0;font-size:1rem;line-height:1.6;color:#4a5450\">Teko\u00e4ly muuttaa sit\u00e4, miten oikeutta syntyy, miten sit\u00e4 sovelletaan ja miten oikeus koetaan. Juristi, joka ei ymm\u00e4rr\u00e4 tekniikkaa, k\u00e4ytt\u00e4\u00e4 tekniikkaa huonosti. Juristi, joka ymm\u00e4rt\u00e4\u00e4 vain tekniikan, k\u00e4ytt\u00e4\u00e4 oikeutta huonosti. Lab yhdist\u00e4\u00e4 oikeuden ja tekniikan.<\/p>\n<p style=\"overflow-wrap:break-word;margin:0;font-size:1rem;line-height:1.6;color:#4a5450\">Asemamme auttaa. Pohjoismaisessa oikeusperinteess\u00e4 oikeuden saatavuus otetaan vakavasti. Euroopan unioni tuotti ensimm\u00e4isen\u00e4 kattavan teko\u00e4lys\u00e4\u00e4ntelypaketin. Sisulla n\u00e4m\u00e4 kaksi yhdistyv\u00e4t.<\/p>\n<ul style=\"list-style-type:none;margin:8px 0 0;padding:0;display:flex;flex-direction:column;gap:12px\">\n<li style=\"display:flex;gap:12px;align-items:flex-start;font-weight:600;color:#004A43;line-height:1.5\"><span style=\"display:inline-flex;align-items:center;justify-content:center;flex:0 0 auto;width:22px;height:22px;border-radius:999px;background-color:#ADCB00;color:#223300;font-size:0.8rem;font-weight:800;line-height:1\" aria-hidden=\"true\">&#10003;<\/span><span>Ihmiskeskeist\u00e4 opetusta, periaatteesta<\/span><\/li>\n<li style=\"display:flex;gap:12px;align-items:flex-start;font-weight:600;color:#004A43;line-height:1.5\"><span style=\"display:inline-flex;align-items:center;justify-content:center;flex:0 0 auto;width:22px;height:22px;border-radius:999px;background-color:#ADCB00;color:#223300;font-size:0.8rem;font-weight:800;line-height:1\" aria-hidden=\"true\">&#10003;<\/span><span>Avoin jokaiselle opiskelijalle, tutkijalle ja alalle<\/span><\/li>\n<li style=\"display:flex;gap:12px;align-items:flex-start;font-weight:600;color:#004A43;line-height:1.5\"><span style=\"display:inline-flex;align-items:center;justify-content:center;flex:0 0 auto;width:22px;height:22px;border-radius:999px;background-color:#ADCB00;color:#223300;font-size:0.8rem;font-weight:800;line-height:1\" aria-hidden=\"true\">&#10003;<\/span><span>Yhteisty\u00f6t\u00e4 oikeuden, teknologian ja yhteiskunnan v\u00e4lill\u00e4<\/span><\/li>\n<\/ul>\n<\/div><\/section>\n<section style=\"border-radius:18px;overflow:hidden;padding:clamp(28px,5vw,64px);background-color:#004A43;display:flex;flex-direction:column;gap:18px\">\n<div><p style=\"font-size:0.76rem;font-weight:800;letter-spacing:0.14em;text-transform:uppercase;margin:0 0 12px;color:#ADCB00\">Mit\u00e4 teemme<\/p><h2 style=\"overflow-wrap:break-word;font-family:'Playfair Display',Georgia,serif;font-size:clamp(1.45rem,3.6vw,2.5rem);font-weight:700;line-height:1.15;margin:0;color:#F4F1E6\">Labin nelj\u00e4 suuntaa<\/h2><\/div>\n<div style=\"display:flex;flex-wrap:wrap;gap:24px;margin-top:10px\">\n<div style=\"flex:1 1 220px;display:flex;flex-direction:column;gap:10px;border-top:2px solid #3a6d66;padding-top:20px\"><div style=\"width:38px;height:3px;background-color:#ADCB00\"><\/div><h3 style=\"overflow-wrap:break-word;font-family:'Playfair Display',Georgia,serif;font-size:1.28rem;font-weight:600;line-height:1.2;margin:0;color:#F4F1E6\">Opetus<\/h3><p style=\"overflow-wrap:break-word;margin:0;font-size:1rem;line-height:1.6;color:#cfd8d4\">Opetamme oikeustieteen opiskelijoille, miten teko\u00e4ly muuttaa juristin ty\u00f6t\u00e4 ja miten teko\u00e4ly\u00e4 k\u00e4ytet\u00e4\u00e4n vastuullisesti.<\/p><p style=\"margin:6px 0 0;font-size:0.82rem;font-weight:700;line-height:1.45;color:#ADCB00\">Opetus alkaa loppusyksyll\u00e4. Lis\u00e4tietoa syyskuun aikana.<\/p><\/div>\n<div style=\"flex:1 1 220px;display:flex;flex-direction:column;gap:10px;border-top:2px solid #3a6d66;padding-top:20px\"><div style=\"width:38px;height:3px;background-color:#ADCB00\"><\/div><h3 style=\"overflow-wrap:break-word;font-family:'Playfair Display',Georgia,serif;font-size:1.28rem;font-weight:600;line-height:1.2;margin:0;color:#F4F1E6\">T\u00e4ydennyskoulutus<\/h3><p style=\"overflow-wrap:break-word;margin:0;font-size:1rem;line-height:1.6;color:#cfd8d4\">Autamme juristeja kehitt\u00e4m\u00e4\u00e4n teko\u00e4lyosaamistaan.<\/p><p style=\"margin:6px 0 0;font-size:0.82rem;font-weight:700;line-height:1.45;color:#ADCB00\">Suunnitteilla. Ideoita? Ota yhteytt\u00e4.<\/p><\/div>\n<div style=\"flex:1 1 220px;display:flex;flex-direction:column;gap:10px;border-top:2px solid #3a6d66;padding-top:20px\"><div style=\"width:38px;height:3px;background-color:#ADCB00\"><\/div><h3 style=\"overflow-wrap:break-word;font-family:'Playfair Display',Georgia,serif;font-size:1.28rem;font-weight:600;line-height:1.2;margin:0;color:#F4F1E6\">Tapahtumat ja yhteis\u00f6<\/h3><p style=\"overflow-wrap:break-word;margin:0;font-size:1rem;line-height:1.6;color:#cfd8d4\">J\u00e4rjest\u00e4mme hackathoneja, klinikoita ja ty\u00f6pajoja, joissa opiskelijat, kehitt\u00e4j\u00e4t ja juristit ratkovat k\u00e4yt\u00e4nn\u00f6n ongelmia.<\/p><p style=\"margin:6px 0 0;font-size:0.82rem;font-weight:700;line-height:1.45;color:#ADCB00\">Ensimm\u00e4inen 23.9.<\/p><\/div>\n<div style=\"flex:1 1 220px;display:flex;flex-direction:column;gap:10px;border-top:2px solid #3a6d66;padding-top:20px\"><div style=\"width:38px;height:3px;background-color:#ADCB00\"><\/div><h3 style=\"overflow-wrap:break-word;font-family:'Playfair Display',Georgia,serif;font-size:1.28rem;font-weight:600;line-height:1.2;margin:0;color:#F4F1E6\">Ihmiset ja projektit<\/h3><p style=\"overflow-wrap:break-word;margin:0;font-size:1rem;line-height:1.6;color:#cfd8d4\">Kokoamme yhteen ihmisi\u00e4, jotka jo opettavat teko\u00e4lyoikeutta tai k\u00e4ytt\u00e4v\u00e4t teko\u00e4ly\u00e4 ty\u00f6ss\u00e4\u00e4n, jotta py\u00f6r\u00e4\u00e4 ei keksit\u00e4 moneen kertaan.<\/p><p style=\"margin:6px 0 0;font-size:0.82rem;font-weight:700;line-height:1.45;color:#ADCB00\">Auki nyt<\/p><\/div>\n<\/div><\/section>\n<section style=\"border-radius:18px;overflow:hidden;padding:clamp(28px,5vw,64px);background-color:#F6F4EC;border:1px solid #e3ded0;display:flex;flex-direction:column;gap:18px\">\n<div><p style=\"font-size:0.76rem;font-weight:800;letter-spacing:0.14em;text-transform:uppercase;margin:0 0 12px;color:#B3122A\">Keit\u00e4 olemme<\/p><h2 style=\"overflow-wrap:break-word;font-family:'Playfair Display',Georgia,serif;font-size:clamp(1.45rem,3.6vw,2.5rem);font-weight:700;line-height:1.15;margin:0;color:#004A43\">Labin ihmiset<\/h2><\/div>\n<div style=\"display:flex;flex-wrap:wrap;gap:26px;align-items:center;background-color:#ffffff;border:1px solid #cfdbd8;border-radius:14px;padding:28px 30px;max-width:820px;margin-top:8px\">\n<div style=\"flex:0 0 auto;width:108px;height:108px;border-radius:999px;background-color:#ADCB00;display:flex;align-items:center;justify-content:center;font-family:'Playfair Display',Georgia,serif;font-size:2.2rem;font-weight:700;color:#004A43\" aria-hidden=\"true\">AI<\/div>\n<div style=\"flex:1 1 300px;display:flex;flex-direction:column;gap:8px\">\n<h3 style=\"overflow-wrap:break-word;font-family:'Playfair Display',Georgia,serif;font-size:1.28rem;font-weight:600;line-height:1.2;margin:0;color:#004A43;font-size:1.6rem\">Antti Innanen<\/h3>\n<p style=\"margin:0;font-weight:700;color:#B3122A;font-size:0.93rem\">Perustaja ja johtaja<\/p>\n<p style=\"overflow-wrap:break-word;margin:0;font-size:1rem;line-height:1.6;color:#4a5450;font-size:0.98rem\">Oikeuden ja teknologian rajapinnassa ty\u00f6skentelev\u00e4 juristi. H\u00e4n perusti Labin tuodakseen teko\u00e4lyosaamistaan oikeustieteen opetukseen ja kootakseen yhteen ihmiset, jotka jo tekev\u00e4t ty\u00f6t\u00e4 aiheen parissa.<\/p>\n<p style=\"margin:0\"><a href=\"mailto:antti.innanen@utu.fi\" style=\"color:#004A43;font-weight:700\">antti.innanen@utu.fi<\/a><\/p>\n<\/div><\/div>\n<div style=\"border:1px dashed #9db3ae;border-radius:14px;background-color:#eef2f0;padding:22px 26px;max-width:820px;color:#4a5450;line-height:1.6\"><strong style=\"display:block;color:#004A43;margin-bottom:4px\">Lista on lyhyt tarkoituksella.<\/strong>Opetatko jotain teko\u00e4lyyn liittyv\u00e4\u00e4 tai ved\u00e4tk\u00f6 projektia, josta Labin kannattaisi tiet\u00e4\u00e4? <a href=\"#yhteys\" style=\"color:#004A43;font-weight:700\">Ota yhteytt\u00e4 \u2192<\/a><\/div>\n<\/section>\n<section id=\"yhteys\" style=\"border-radius:18px;overflow:hidden;padding:clamp(28px,5vw,64px);background-color:#004A43;display:flex;flex-direction:column;gap:18px;align-items:center;text-align:center\">\n<h2 style=\"overflow-wrap:break-word;font-family:'Playfair Display',Georgia,serif;font-size:clamp(1.45rem,3.6vw,2.5rem);font-weight:700;line-height:1.15;margin:0;color:#F4F1E6\">Tuo ongelmasi Labiin.<\/h2>\n<p style=\"overflow-wrap:break-word;margin:0;font-size:1rem;line-height:1.6;color:#cfd8d4;max-width:44em\">Jos opetat tiedekunnassa ja haluat k\u00e4ytt\u00e4\u00e4 teko\u00e4ly\u00e4 kurssillasi, autamme suunnittelussa. Jos organisaatiosi haluaa selvitt\u00e4\u00e4, mit\u00e4 teko\u00e4lys\u00e4\u00e4d\u00f6ksest\u00e4 teille seuraa, voimme auttaa. Jos opiskelet Turussa, tule mukaan toimintaan.<\/p>\n<div style=\"display:flex;flex-wrap:wrap;gap:12px;margin-top:6px;justify-content:center\">\n<a href=\"mailto:ai-lawlab@utu.fi\" style=\"display:inline-block;padding:14px 26px;border-radius:999px;font-weight:700;font-size:0.97rem;text-decoration:none;line-height:1.2;background-color:#F4F1E6;color:#004A43;border:2px solid #F4F1E6\">ai-lawlab@utu.fi<\/a>\n<a href=\"https:\/\/www.utu.fi\/fi\/yliopisto\/oikeustieteellinen-tiedekunta\" style=\"display:inline-block;padding:14px 26px;border-radius:999px;font-weight:700;font-size:0.97rem;text-decoration:none;line-height:1.2;color:#F4F1E6;border:2px solid #cfd8d4\" rel=\"noopener\">Oikeustieteellinen tiedekunta \u2192<\/a>\n<\/div>\n<\/section>\n<\/div>\n","protected":false},"excerpt":{"rendered":"<p>Turun yliopisto \u00b7 Oikeustieteellinen tiedekunta AI Law Lab. Opetamme EU:n teko\u00e4lyoikeutta. Kehit\u00e4mme teko\u00e4lytaitoja vastuullisesti. Kokoamme teko\u00e4lyst\u00e4 kiinnostuneet juristit yhteen. Launch 23.9.2026 \u2192 Ota yhteytt\u00e4 AI Law Labin ensimm\u00e4inen tapahtuma AI Law Lab aloittaa keskiviikkona 23.9. AI Law Labin ensimm\u00e4isess\u00e4 p\u00e4iv\u00e4ss\u00e4&#8230;<\/p>\n","protected":false},"author":4378,"featured_media":0,"comment_status":"closed","ping_status":"closed","sticky":false,"template":"","format":"standard","meta":{"_acf_changed":false,"_kad_blocks_custom_css":"","_kad_blocks_head_custom_js":"","_kad_blocks_body_custom_js":"","_kad_blocks_footer_custom_js":"","_kad_post_transparent":"","_kad_post_title":"","_kad_post_layout":"","_kad_post_sidebar_id":"","_kad_post_content_style":"","_kad_post_vertical_padding":"","_kad_post_feature":"","_kad_post_feature_position":"","_kad_post_header":false,"_kad_post_footer":false,"_kad_post_classname":"","wds_primary_category":0,"footnotes":""},"categories":[20],"tags":[],"class_list":["post-303","post","type-post","status-publish","format-standard","hentry","category-uutinen"],"acf":[],"lang":"fi","translations":{"fi":303,"en":307},"taxonomy_info":{"category":[{"value":20,"label":"Uutinen"}]},"featured_image_src_large":false,"author_info":{"display_name":"miveviutufi","author_link":"https:\/\/sites.utu.fi\/ailawlab\/author\/miveviutufi\/"},"comment_info":0,"category_info":[{"term_id":20,"name":"Uutinen","slug":"uutinen","term_group":0,"term_taxonomy_id":20,"taxonomy":"category","description":"","parent":0,"count":1,"filter":"raw","cat_ID":20,"category_count":1,"category_description":"","cat_name":"Uutinen","category_nicename":"uutinen","category_parent":0}],"tag_info":false,"pll_sync_post":{},"_links":{"self":[{"href":"https:\/\/sites.utu.fi\/ailawlab\/wp-json\/wp\/v2\/posts\/303","targetHints":{"allow":["GET"]}}],"collection":[{"href":"https:\/\/sites.utu.fi\/ailawlab\/wp-json\/wp\/v2\/posts"}],"about":[{"href":"https:\/\/sites.utu.fi\/ailawlab\/wp-json\/wp\/v2\/types\/post"}],"author":[{"embeddable":true,"href":"https:\/\/sites.utu.fi\/ailawlab\/wp-json\/wp\/v2\/users\/4378"}],"replies":[{"embeddable":true,"href":"https:\/\/sites.utu.fi\/ailawlab\/wp-json\/wp\/v2\/comments?post=303"}],"version-history":[{"count":1,"href":"https:\/\/sites.utu.fi\/ailawlab\/wp-json\/wp\/v2\/posts\/303\/revisions"}],"predecessor-version":[{"id":304,"href":"https:\/\/sites.utu.fi\/ailawlab\/wp-json\/wp\/v2\/posts\/303\/revisions\/304"}],"wp:attachment":[{"href":"https:\/\/sites.utu.fi\/ailawlab\/wp-json\/wp\/v2\/media?parent=303"}],"wp:term":[{"taxonomy":"category","embeddable":true,"href":"https:\/\/sites.utu.fi\/ailawlab\/wp-json\/wp\/v2\/categories?post=303"},{"taxonomy":"post_tag","embeddable":true,"href":"https:\/\/sites.utu.fi\/ailawlab\/wp-json\/wp\/v2\/tags?post=303"}],"curies":[{"name":"wp","href":"https:\/\/api.w.org\/{rel}","templated":true}]}}