{"id":3108,"date":"2018-11-07T07:23:51","date_gmt":"2018-11-07T05:23:51","guid":{"rendered":"http:\/\/hiiskuttua.utu.fi\/?p=3108"},"modified":"2018-11-07T07:23:51","modified_gmt":"2018-11-07T05:23:51","slug":"kaksi-uutta-selma-keskuksen-hanketta-kertomuksista-ja-traumoista","status":"publish","type":"post","link":"https:\/\/sites.utu.fi\/soihtu\/kaksi-uutta-selma-keskuksen-hanketta-kertomuksista-ja-traumoista\/","title":{"rendered":"Kaksi uutta SELMA-keskuksen hanketta kertomuksista ja traumoista"},"content":{"rendered":"<p>Syksyll\u00e4 2018 <em>SELMA: Centre for the Study of Storytelling, Experientiality and Memory<\/em> -tutkimuskeskuksen piiriss\u00e4 on k\u00e4ynnistynyt kaksi uutta monitieteist\u00e4 tutkimushanketta, jotka tutkivat kertomuksia ja kulttuurisia traumoja.<\/p>\n<p>Suomen Akatemian rahoittama konsortio <em>V\u00e4lineelliset kertomukset: tarinankerronnan rajat ja aikalaiskriittinen kertomusteoria<\/em> (PI Maria M\u00e4kel\u00e4, TaY; PI Hanna Meretoja, TY; PI Merja Polvinen, HY) kehitt\u00e4\u00e4 kertomuskriittist\u00e4 ajattelua ja analyyttisi\u00e4 v\u00e4lineit\u00e4, joiden avulla tutkijat, eri alojen ammattilaiset ja erilaiset yleis\u00f6t pystyv\u00e4t entist\u00e4 paremmin hallitsemaan tarinankerronnan l\u00e4p\u00e4isemi\u00e4 sosiaalisia ja tekstuaalisia ymp\u00e4rist\u00f6j\u00e4. Vertaamme internetiss\u00e4 levi\u00e4vi\u00e4 liikuttavia ja manipuloivia tarinoita nykykirjallisuuden keinoihin, ja osoitamme miten monilla kertomuksilla on ongelmallinen suhde identiteettiin, totuuteen, politiikkaan ja inhimillisen mittakaavan ylitt\u00e4viin ilmi\u00f6ihin kuten ilmastonmuutokseen. Muokkaamme kertomuksen teoriasta uusia, eri tieteenaloille ja ei-akateemisiin keskusteluihin soveltuvia l\u00e4hestymistapoja tarinankerronnan varjopuoliin ja k\u00e4yt\u00e4mme t\u00e4ss\u00e4 ty\u00f6ss\u00e4 hyv\u00e4ksemme nykykirjallisuuden tarinakriittisi\u00e4 teemoja ja tekniikoita.<\/p>\n<figure id=\"attachment_3110\" aria-describedby=\"caption-attachment-3110\" style=\"width: 300px\" class=\"wp-caption alignright\"><a href=\"https:\/\/sites.utu.fi\/hiiskuttua\/wp-content\/uploads\/sites\/107\/2018\/10\/TUTK_Meretoja_Kuva2-1.jpg\"><img loading=\"lazy\" decoding=\"async\" class=\"size-medium wp-image-3110\" src=\"https:\/\/sites.utu.fi\/hiiskuttua\/wp-content\/uploads\/sites\/107\/2018\/10\/TUTK_Meretoja_Kuva2-1-300x189.jpg\" alt=\"\" width=\"300\" height=\"189\" \/><\/a><figcaption id=\"caption-attachment-3110\" class=\"wp-caption-text\">V\u00e4lineelliset kertomukset -konsortion tutkijoita hankkeen suunnittelukokouksessa Varalan urheiluopistolla 7.9.2018. Kuva: Elina M\u00e4kil\u00e4.<\/figcaption><\/figure>\n<p>Turun osahanke keskittyy erityisesti identiteettity\u00f6n ja kerronnallisen toimijuuden kysymyksiin. Se tarkastelee kertomusten ongelmallisia k\u00e4ytt\u00f6tapoja pohtivaa metanarratiivista nykykirjallisuutta ja mahdollisuuksia k\u00e4ytt\u00e4\u00e4 sit\u00e4 uudenlaisen kirjallisuusterapian ja lukupiiritoiminnan l\u00e4ht\u00f6kohtana. <strong>Hanna Meretojan<\/strong> johtaman Turun tiimin tutkijoita ovat <strong>M<\/strong><strong>arta Cenedese<\/strong>, <strong>Colin Davis<\/strong>, <strong>Johanna Kaakinen<\/strong>, <strong>P\u00e4ivi Kosonen<\/strong>, <strong>Anu Laukkanen<\/strong>, <strong>Maarit Leskel\u00e4-K\u00e4rki<\/strong>, <strong>Nena Mo<\/strong><strong>\u010d<\/strong><strong>nik<\/strong> ja <strong>Jouni Teittinen<\/strong>.<\/p>\n<figure id=\"attachment_3111\" aria-describedby=\"caption-attachment-3111\" style=\"width: 300px\" class=\"wp-caption alignleft\"><a href=\"https:\/\/sites.utu.fi\/hiiskuttua\/wp-content\/uploads\/sites\/107\/2018\/10\/TUTK_Meretoja_Kuva1-1.jpg\"><img loading=\"lazy\" decoding=\"async\" class=\"size-medium wp-image-3111\" src=\"https:\/\/sites.utu.fi\/hiiskuttua\/wp-content\/uploads\/sites\/107\/2018\/10\/TUTK_Meretoja_Kuva1-1-300x264.jpg\" alt=\"\" width=\"300\" height=\"264\" \/><\/a><figcaption id=\"caption-attachment-3111\" class=\"wp-caption-text\">#NeverAgain-hankkeen tutkijat koolla hankkeen avajaistapahtumassa Turussa 27.9.2018. Kuva: Eevastiina Kinnunen.<\/figcaption><\/figure>\n<p>Euroopan komission European Remembrance -ohjelma on my\u00f6nt\u00e4nyt rahoituksen monitieteiselle tutkimushankkeelle <em>#NeverAgain: Teaching Transmission of Trauma and Remembrance through Experiential Learning<\/em>, jota johtaa Hanna Meretoja ja koordinoi Nena Mo\u010dnik. Kaksivuotisen hankkeen tavoitteena on tarkastella k\u00e4tkettyj\u00e4 vihamekanismeja, ennakkoluuloja ja normalisoituja alistamisen k\u00e4yt\u00e4nt\u00f6j\u00e4, jotka opitaan sukupolvelta toiselle siirtyvien traumojen ja niit\u00e4 yll\u00e4pit\u00e4vien, usein harmittomilta vaikuttavien arkiel\u00e4m\u00e4n k\u00e4yt\u00e4nt\u00f6jen v\u00e4lityksell\u00e4. Esimerkiksi suomalaista identiteetti\u00e4 hallinnut kertomus \u201dtalvisodan hengest\u00e4\u201d ja sisusta ei ole v\u00e4ltt\u00e4m\u00e4tt\u00e4 aina edesauttanut suomalaisten kyky\u00e4 jakaa muiden kanssa omia vastoink\u00e4ymisi\u00e4, haavoittuvaisuutta ja \u201dhiljaisuuden kulttuurin\u201d perint\u00f6n\u00e4 siirtyneit\u00e4 k\u00e4sittelem\u00e4tt\u00e4 j\u00e4\u00e4neit\u00e4 traumoja.<\/p>\n<p>Hankkeen kumppanit Suomesta, Tanskasta, Bosnia-Herzegovinasta, Romaniasta, Saksasta, Liettuasta, Puolasta ja Italiasta tuottavat nelj\u00e4 paikallisten tapahtumien ryp\u00e4st\u00e4 omissa yhteis\u00f6iss\u00e4\u00e4n kokeillakseen kokemuksellisen oppimisen ty\u00f6kaluja. Tapahtumat kytkeytyv\u00e4t yhteis\u00f6jen historian kannalta keskeisiin traumaattisiin tapahtumiin, kuten toiseen maailmansotaan ja holokaustiin, Bosnian sotaan ja koko Eurooppaa koskevaan pakolaiskriisiin. Hankkeessa kehitet\u00e4\u00e4n ty\u00f6kaluja, jotka mahdollistavat ylisukupolvisesti siirtyvien kollektiivisten traumojen vahingollisten seurausten kokemuksellisen ymm\u00e4rt\u00e4misen ja sen hahmottamisen, miten ne aiheuttavat nykyp\u00e4iv\u00e4\u00e4n ulottuvia vihan ja koston kierteit\u00e4.<\/p>\n<p><em>Kirjoittaja on yleisen kirjallisuustieteen professori, joka johtaa tutkimuskeskusta SELMA: Centre for the Study of Storytelling, Experientiality and Memory sek\u00e4 jutussa esiteltyj\u00e4 Suomen Akatemian ja EU:n rahoittamia hankkeita.<\/em><\/p>\n","protected":false},"excerpt":{"rendered":"<p>Syksyll\u00e4 2018 SELMA: Centre for the Study of Storytelling, Experientiality and Memory -tutkimuskeskuksen piiriss\u00e4 on k\u00e4ynnistynyt kaksi uutta monitieteist\u00e4 tutkimushanketta, jotka tutkivat kertomuksia ja kulttuurisia traumoja. Suomen Akatemian rahoittama konsortio V\u00e4lineelliset kertomukset: tarinankerronnan rajat ja aikalaiskriittinen kertomusteoria (PI Maria M\u00e4kel\u00e4,&#8230;<\/p>\n","protected":false},"author":917,"featured_media":3109,"comment_status":"open","ping_status":"open","sticky":false,"template":"","format":"standard","meta":{"_acf_changed":false,"_kad_blocks_custom_css":"","_kad_blocks_head_custom_js":"","_kad_blocks_body_custom_js":"","_kad_blocks_footer_custom_js":"","_kad_post_transparent":"","_kad_post_title":"","_kad_post_layout":"","_kad_post_sidebar_id":"","_kad_post_content_style":"","_kad_post_vertical_padding":"","_kad_post_feature":"","_kad_post_feature_position":"","_kad_post_header":false,"_kad_post_footer":false,"_kad_post_classname":"","wds_primary_category":0,"footnotes":""},"categories":[119],"tags":[2353],"class_list":["post-3108","post","type-post","status-publish","format-standard","has-post-thumbnail","hentry","category-tutkimus-ja-opetus","tag-hiiskuttua"],"acf":[],"lang":"fi","translations":{"fi":3108},"taxonomy_info":{"category":[{"value":119,"label":"Tutkimus ja opetus"}],"post_tag":[{"value":2353,"label":"Hiiskuttua"}]},"featured_image_src_large":["https:\/\/sites.utu.fi\/soihtu\/wp-content\/uploads\/sites\/107\/2018\/10\/KARUSELLI_TUTK_Meretoja-2.jpg",570,290,false],"author_info":{"display_name":"","author_link":"https:\/\/sites.utu.fi\/soihtu\/author\/"},"comment_info":0,"category_info":[{"term_id":119,"name":"Tutkimus ja opetus","slug":"tutkimus-ja-opetus","term_group":0,"term_taxonomy_id":119,"taxonomy":"category","description":"","parent":0,"count":410,"filter":"raw","cat_ID":119,"category_count":410,"category_description":"","cat_name":"Tutkimus ja opetus","category_nicename":"tutkimus-ja-opetus","category_parent":0}],"tag_info":[{"term_id":2353,"name":"Hiiskuttua","slug":"hiiskuttua","term_group":0,"term_taxonomy_id":2356,"taxonomy":"post_tag","description":"","parent":0,"count":971,"filter":"raw"}],"pll_sync_post":[],"_links":{"self":[{"href":"https:\/\/sites.utu.fi\/soihtu\/wp-json\/wp\/v2\/posts\/3108","targetHints":{"allow":["GET"]}}],"collection":[{"href":"https:\/\/sites.utu.fi\/soihtu\/wp-json\/wp\/v2\/posts"}],"about":[{"href":"https:\/\/sites.utu.fi\/soihtu\/wp-json\/wp\/v2\/types\/post"}],"author":[{"embeddable":true,"href":"https:\/\/sites.utu.fi\/soihtu\/wp-json\/wp\/v2\/users\/917"}],"replies":[{"embeddable":true,"href":"https:\/\/sites.utu.fi\/soihtu\/wp-json\/wp\/v2\/comments?post=3108"}],"version-history":[{"count":0,"href":"https:\/\/sites.utu.fi\/soihtu\/wp-json\/wp\/v2\/posts\/3108\/revisions"}],"wp:featuredmedia":[{"embeddable":true,"href":"https:\/\/sites.utu.fi\/soihtu\/wp-json\/wp\/v2\/media\/3109"}],"wp:attachment":[{"href":"https:\/\/sites.utu.fi\/soihtu\/wp-json\/wp\/v2\/media?parent=3108"}],"wp:term":[{"taxonomy":"category","embeddable":true,"href":"https:\/\/sites.utu.fi\/soihtu\/wp-json\/wp\/v2\/categories?post=3108"},{"taxonomy":"post_tag","embeddable":true,"href":"https:\/\/sites.utu.fi\/soihtu\/wp-json\/wp\/v2\/tags?post=3108"}],"curies":[{"name":"wp","href":"https:\/\/api.w.org\/{rel}","templated":true}]}}