{"id":360,"date":"2012-09-28T12:39:01","date_gmt":"2012-09-28T09:39:01","guid":{"rendered":"http:\/\/hiiskuttua.utu.fi\/?p=360"},"modified":"2024-05-21T13:14:29","modified_gmt":"2024-05-21T10:14:29","slug":"tieteen-historian-opintopiiri-keraa-kiinnostuneita-yli-oppiaine-ja-tiedekuntarajojen","status":"publish","type":"post","link":"https:\/\/sites.utu.fi\/soihtu\/tieteen-historian-opintopiiri-keraa-kiinnostuneita-yli-oppiaine-ja-tiedekuntarajojen\/","title":{"rendered":"Tieteen historian opintopiiri ker\u00e4\u00e4 kiinnostuneita yli oppiaine- ja tiedekuntarajojen"},"content":{"rendered":"<p><strong><a href=\"https:\/\/sites.utu.fi\/hiiskuttua\/wp-content\/uploads\/sites\/107\/2012\/09\/TUTK_Opintopiiri_kuva.jpg\"><img loading=\"lazy\" decoding=\"async\" class=\"alignright size-full wp-image-361\" title=\"TUTK_Opintopiiri_kuva\" src=\"https:\/\/sites.utu.fi\/hiiskuttua\/wp-content\/uploads\/sites\/107\/2012\/09\/TUTK_Opintopiiri_kuva.jpg\" alt=\"\" width=\"208\" height=\"300\" srcset=\"https:\/\/sites.utu.fi\/soihtu\/wp-content\/uploads\/sites\/107\/2012\/09\/TUTK_Opintopiiri_kuva.jpg 208w, https:\/\/sites.utu.fi\/soihtu\/wp-content\/uploads\/sites\/107\/2012\/09\/TUTK_Opintopiiri_kuva-158x228.jpg 158w\" sizes=\"auto, (max-width: 208px) 100vw, 208px\" \/><\/a>K\u00e4sitys siit\u00e4, mit\u00e4 tieteen historialla tarkoitetaan, on viime vuosina muuttunut tiedon olemukseen ja yhteiskunnallisiin kytkent\u00f6ihin liittyvien pohdintojen siivitt\u00e4m\u00e4n\u00e4. Tieteen historian luonnetta mietittiin viime kev\u00e4\u00e4n\u00e4 my\u00f6s Turun yliopiston yleisen historian oppiaineessa j\u00e4rjestetyss\u00e4 opintopiiriss\u00e4, joka ker\u00e4si toistakymment\u00e4 osanottajaa yli oppiaine- ja tiedekuntarajojen.<\/strong><\/p>\n<p>Janne Tunturin ja Leila Koivusen ideoima opintopiiri kokoontui kev\u00e4\u00e4n mittaan seitsem\u00e4\u00e4n otteeseen. Keskusteluja tapaamisissa k\u00e4ytiin niin opiskelijoiden omien tekstien kuin etuk\u00e4teen sovittujen aineistojen ja vierailuluentojen pohjalta. L\u00e4ht\u00f6ajatuksena oli yhdist\u00e4\u00e4 tieteen historiaa tutkivia sek\u00e4 tarjota tukea ja uusia ideoita opinn\u00e4ytet\u00f6iden valmisteluun. Tervetulleita mukaan olivat kaikki kiinnostuneet opintojensa vaiheesta riippumatta. Onnistuneen kev\u00e4tkauden innoittamana opintopiirin toimintaa jatketaan tulevana syksyn\u00e4 kirjaprojektin muodossa.<\/p>\n<h3>Tieteen historia muutoksessa<\/h3>\n<p>Tieteen historia m\u00e4\u00e4riteltiin opintopiirin toiminnassa laajasti sek\u00e4 aihealueidensa ett\u00e4 n\u00e4k\u00f6kulmiensa suhteen. K\u00e4sitykset tieteen historiasta ovatkin muuttuneet viime vuosina. Tieteenalojen kehityslinjojen ja oletetun edistyksen kartoittamisen sijasta tieteen historia on entist\u00e4 enemm\u00e4n kiinnostunut tieteen ja tieteentekij\u00f6iden sidoksista aikansa yhteiskuntaan ja sosiaaliseen ymp\u00e4rist\u00f6\u00f6n. T\u00e4m\u00e4 on nostanut esiin kysymykset tiedon luonteesta, sen rajoista sek\u00e4 k\u00e4yt\u00f6st\u00e4. My\u00f6s tieteen tuottaminen, esitt\u00e4minen ja popularisointi ovat saaneet uutta huomiota osakseen.<\/p>\n<p>Tieteen historian kattok\u00e4sitteen alle mahtuvien aiheiden monipuolisuus ja alan ajankohtaisuus n\u00e4kyiv\u00e4t my\u00f6s opintopiirin osanottajien kiinnostuksen kohteiden kirjossa. Opintopiirist\u00e4 l\u00f6ytyikin tiet\u00e4myst\u00e4 Thomas Kuhnin ajattelusta 1600-luvun alkemisteihin ja 1800-luvun loppupuolen julkisen terveyden diskursseihin.<\/p>\n<h3>Ajatustenvaihtoa rennossa ilmapiiriss\u00e4<\/h3>\n<p>Opintopiirin kokoontumiset pyrittiin alusta asti suunnittelemaan monipuolisiksi yhteisty\u00f6ss\u00e4 osallistujien kesken. Ryhm\u00e4 aloittikin toimintansa helmikuussa ilman etuk\u00e4teen lukkoon ly\u00f6ty\u00e4 ohjelmaa. Joustava ty\u00f6skentelytapa antoi mahdollisuuden erikokoisiin opintosuorituksiin, mik\u00e4 oli tarpeen osanottajien erilaisten opiskelutilanteiden ja aikataulujen takia.<\/p>\n<p>Perustavoitteena opintopiirin tapaamisilla oli taustatuen ja inspiraation tarjoaminen sek\u00e4 ajatustenvaihto samankaltaisten aiheiden parissa askartelevien ihmisten v\u00e4lill\u00e4. Monet toivatkin esimerkiksi katkelmia opinn\u00e4ytety\u00f6st\u00e4\u00e4n muiden luettavaksi ja kommentoitavaksi. Ryhm\u00e4n tapaamiset huipentuivat huhtikuun lopussa Ruissalon Honkapirtill\u00e4 pidettyyn seminaarip\u00e4iv\u00e4\u00e4n, jossa keskusteluja k\u00e4ytiin filosofiantutkija Valtteri Viljasen luennon sek\u00e4 osanottajien omien puheenvuorojen pohjalta. Kev\u00e4\u00e4n pienempi ekskursio taasen suuntautui Donner-instituutin uskontotieteeseen erikoistuneeseen kirjastoon.<\/p>\n<h3>Suunnitelmissa artikkelikokoelma<\/h3>\n<p>Kev\u00e4\u00e4n seitsem\u00e4st\u00e4 kokoontumiskerrasta huolimatta monet opintopiirin keskusteluista j\u00e4iv\u00e4t kesken. Kokoontumisia onkin tarkoitus jatkaa nyt syksyll\u00e4, jolloin p\u00e4\u00e4paino on osallistujien teksteist\u00e4 koostettavan artikkelikokoelman toteuttamisessa. Tieteen historian opintopiiri ei ole suljettu ryhm\u00e4, vaan my\u00f6s uudet osanottajat ovat yh\u00e4 tervetulleita mukaan. Lis\u00e4tietoja opintopiirin ohjelmasta on l\u00f6ydett\u00e4viss\u00e4 <a href=\"http:\/\/www.hum.utu.fi\/sivustot\/historia\/ajankohtaista\/uutiset_etusivu\/Opetusohjelma_syksy12.html\">historia-aineiden syksyn opinto-oppaasta<\/a>.<\/p>\n<p><em>Mari Tanninen<br \/>\nyleisen historian maisteriopiskelija ja historian, kulttuurin ja taiteiden tutkimuksen laitoksen harjoittelija<\/em><\/p>\n","protected":false},"excerpt":{"rendered":"<p>K\u00e4sitys siit\u00e4, mit\u00e4 tieteen historialla tarkoitetaan, on viime vuosina muuttunut tiedon olemukseen ja yhteiskunnallisiin kytkent\u00f6ihin liittyvien pohdintojen siivitt\u00e4m\u00e4n\u00e4. Tieteen historian luonnetta mietittiin viime kev\u00e4\u00e4n\u00e4 my\u00f6s Turun yliopiston yleisen historian oppiaineessa j\u00e4rjestetyss\u00e4 opintopiiriss\u00e4, joka ker\u00e4si toistakymment\u00e4 osanottajaa yli oppiaine- ja tiedekuntarajojen&#8230;.<\/p>\n","protected":false},"author":1754,"featured_media":0,"comment_status":"closed","ping_status":"closed","sticky":false,"template":"","format":"standard","meta":{"_acf_changed":false,"_kad_blocks_custom_css":"","_kad_blocks_head_custom_js":"","_kad_blocks_body_custom_js":"","_kad_blocks_footer_custom_js":"","_kad_post_transparent":"","_kad_post_title":"","_kad_post_layout":"","_kad_post_sidebar_id":"","_kad_post_content_style":"","_kad_post_vertical_padding":"","_kad_post_feature":"","_kad_post_feature_position":"","_kad_post_header":false,"_kad_post_footer":false,"_kad_post_classname":"","wds_primary_category":0,"footnotes":""},"categories":[119],"tags":[2353,188],"class_list":["post-360","post","type-post","status-publish","format-standard","hentry","category-tutkimus-ja-opetus","tag-hiiskuttua","tag-yleinen-historia"],"acf":[],"lang":"fi","translations":{"fi":360},"taxonomy_info":{"category":[{"value":119,"label":"Tutkimus ja opetus"}],"post_tag":[{"value":2353,"label":"Hiiskuttua"},{"value":188,"label":"yleinen historia"}]},"featured_image_src_large":false,"author_info":{"display_name":"Mari Tanninen","author_link":"https:\/\/sites.utu.fi\/soihtu\/author\/aeliirutufi\/"},"comment_info":0,"category_info":[{"term_id":119,"name":"Tutkimus ja opetus","slug":"tutkimus-ja-opetus","term_group":0,"term_taxonomy_id":119,"taxonomy":"category","description":"","parent":0,"count":410,"filter":"raw","cat_ID":119,"category_count":410,"category_description":"","cat_name":"Tutkimus ja opetus","category_nicename":"tutkimus-ja-opetus","category_parent":0}],"tag_info":[{"term_id":2353,"name":"Hiiskuttua","slug":"hiiskuttua","term_group":0,"term_taxonomy_id":2356,"taxonomy":"post_tag","description":"","parent":0,"count":971,"filter":"raw"},{"term_id":188,"name":"yleinen historia","slug":"yleinen-historia","term_group":0,"term_taxonomy_id":188,"taxonomy":"post_tag","description":"","parent":0,"count":38,"filter":"raw"}],"pll_sync_post":[],"_links":{"self":[{"href":"https:\/\/sites.utu.fi\/soihtu\/wp-json\/wp\/v2\/posts\/360","targetHints":{"allow":["GET"]}}],"collection":[{"href":"https:\/\/sites.utu.fi\/soihtu\/wp-json\/wp\/v2\/posts"}],"about":[{"href":"https:\/\/sites.utu.fi\/soihtu\/wp-json\/wp\/v2\/types\/post"}],"author":[{"embeddable":true,"href":"https:\/\/sites.utu.fi\/soihtu\/wp-json\/wp\/v2\/users\/1754"}],"replies":[{"embeddable":true,"href":"https:\/\/sites.utu.fi\/soihtu\/wp-json\/wp\/v2\/comments?post=360"}],"version-history":[{"count":4,"href":"https:\/\/sites.utu.fi\/soihtu\/wp-json\/wp\/v2\/posts\/360\/revisions"}],"predecessor-version":[{"id":10503,"href":"https:\/\/sites.utu.fi\/soihtu\/wp-json\/wp\/v2\/posts\/360\/revisions\/10503"}],"wp:attachment":[{"href":"https:\/\/sites.utu.fi\/soihtu\/wp-json\/wp\/v2\/media?parent=360"}],"wp:term":[{"taxonomy":"category","embeddable":true,"href":"https:\/\/sites.utu.fi\/soihtu\/wp-json\/wp\/v2\/categories?post=360"},{"taxonomy":"post_tag","embeddable":true,"href":"https:\/\/sites.utu.fi\/soihtu\/wp-json\/wp\/v2\/tags?post=360"}],"curies":[{"name":"wp","href":"https:\/\/api.w.org\/{rel}","templated":true}]}}