{"id":362,"date":"2012-09-28T12:39:01","date_gmt":"2012-09-28T09:39:01","guid":{"rendered":"http:\/\/hiiskuttua.utu.fi\/?p=362"},"modified":"2024-05-21T13:14:46","modified_gmt":"2024-05-21T10:14:46","slug":"folklorirstit-tallentavat-rajavartijaperinnetta","status":"publish","type":"post","link":"https:\/\/sites.utu.fi\/soihtu\/folklorirstit-tallentavat-rajavartijaperinnetta\/","title":{"rendered":"Folkloristit tallentavat rajavartijaperinnett\u00e4"},"content":{"rendered":"<p><strong>\u201dVasta v\u00e4h\u00e4n aikaa olin ollut palveluksessa, ei minulla ollut virkavaatteitakaan viel\u00e4 silloin, olin siviilivaatteissa. Asemalle tuli sitten h\u00e4lytys, ett\u00e4 veneen kanssa on liikkeell\u00e4 joku vaarallinen aseistettu mies. P\u00e4\u00e4llikk\u00f6 tuli siihen p\u00e4ivystyshuoneeseen, avasi asekaapin ja otti sielt\u00e4 Suomi-konepistoolin ja t\u00e4yden rumpulippaan ja kysyi, osaanko min\u00e4 k\u00e4ytt\u00e4\u00e4 niit\u00e4\u2026\u201d <\/strong><\/p>\n<p>Turun yliopiston folkloristiikan oppiaine solmi viime vuoden lopulla Rajavartiolaitoksen kanssa yhteisty\u00f6sopimuksen, jonka puitteissa toteutetaan l\u00e4hivuosina laaja rajavartijaperinteen tallennusprojekti. Vuonna 2019 tulee kuluneeksi sata vuotta Suomen Rajavartiolaitoksen perustamisesta, ja yksi projektin tavoitteista on aineiston tuottaminen tuolloin julkaistavaa juhlateosta varten. Toinen, laajakantoisempi p\u00e4\u00e4m\u00e4\u00e4r\u00e4 on rajavartijoiden ty\u00f6t\u00e4 ja ammattikuntaperinnett\u00e4 koskevan arkistokokonaisuuden muodostaminen.<\/p>\n<figure id=\"attachment_363\" aria-describedby=\"caption-attachment-363\" style=\"width: 300px\" class=\"wp-caption alignright\"><a href=\"https:\/\/sites.utu.fi\/hiiskuttua\/wp-content\/uploads\/sites\/107\/2012\/09\/TUTK_Rajavartiosto.jpg\"><img loading=\"lazy\" decoding=\"async\" class=\"size-medium wp-image-363\" title=\"TUTK_Rajavartiosto\" src=\"https:\/\/sites.utu.fi\/hiiskuttua\/wp-content\/uploads\/sites\/107\/2012\/09\/TUTK_Rajavartiosto-300x202.jpg\" alt=\"\" width=\"300\" height=\"202\" \/><\/a><figcaption id=\"caption-attachment-363\" class=\"wp-caption-text\">Mets\u00e4stys on ollut suosittu merivartijoiden vapaa-ajan harrastus, joka on tuonut my\u00f6s vaihtelua miehist\u00f6n ruokap\u00f6yt\u00e4\u00e4n (kuva on 1980-luvun alusta). Kuva Seppo Laitala.<\/figcaption><\/figure>\n<p>Rajavartiolaitoksen muodollisen organisaation ja virallisen historian rinnalla kulkee ty\u00f6yhteis\u00f6jen ja niiden yksitt\u00e4isten j\u00e4senten kokemusper\u00e4inen historia. Keruuprojektin haastatteluissa keskityt\u00e4\u00e4nkin rajavartioinnin arkeen ja omakohtaisiin kokemuksiin liittyv\u00e4\u00e4n muistitietoon, joka vanhimpien haastateltavien kohdalla ulottuu viime sotia edelt\u00e4v\u00e4\u00e4n aikaan. Muutokset organisaatiossa ja henkil\u00f6st\u00f6n koulutuksessa, teknisen v\u00e4lineist\u00f6n kehitys sek\u00e4 eri aikoina vallinnut poliittinen ilmapiiri muodostavat kehyksen, jossa yksil\u00f6lliset kokemukset ja n\u00e4kemykset rajavartijan ty\u00f6st\u00e4 ovat syntyneet ja jota vasten niit\u00e4 muistellaan nykyhetkess\u00e4.<\/p>\n<p>Haastatteluissa k\u00e4sitellyt teemat ulottuvat rajamiesten omasta koulutus- ja ty\u00f6historiasta ty\u00f6n ja ty\u00f6yhteis\u00f6jen kuvausten kautta juhlaperinteeseen, rajamieshuumoriin ja identiteettikysymyksiin. Keskeisell\u00e4 sijalla ovat kertomukset \u2013 sek\u00e4 henkil\u00f6kohtainen muistelukerronta ett\u00e4 ty\u00f6yhteis\u00f6iss\u00e4 kukoistanut kertomusperinne.<\/p>\n<p>Haastattelut on aloitettu L\u00e4nsi-Suomen merivartioston piiriss\u00e4. Kev\u00e4\u00e4ll\u00e4 2012 haastatteluja tekiv\u00e4t folkloristiikan kentt\u00e4ty\u00f6kurssin opiskelijat ja syyslukukaudella haastattelut jatkuvat oppiaineen tutkijoiden ja opettajien voimin. Tulevina vuosina haastattelut tulevat kattamaan maantieteellisesti koko Suomen: kohteina ovat maamme kaikki nelj\u00e4 rajavartiostoa, kaksi merivartiostoa, vartiolentolaivue, Raja- ja merivartiokoulu sek\u00e4 Rajavartiolaitoksen esikunta. Koska projektin tehokas toteuttaminen edellytt\u00e4\u00e4 vaihtelevan pituisia kentt\u00e4ty\u00f6jaksoja eri puolilla Suomea, on folkloristiikan oppiaineessa perusteilla projektity\u00f6ryhm\u00e4, johon kuuluu sek\u00e4 tutkijoita ett\u00e4 haastatteluty\u00f6h\u00f6n kouliintuneita opiskelijoita. Haastatteluaineisto arkistoidaan sek\u00e4 Turun yliopiston kulttuurien tutkimuksen arkistoon ett\u00e4 Rajavartiolaitokseen, n\u00e4ill\u00e4 n\u00e4kymin Imatralla sijaitsevaan Rajamuseoon.<\/p>\n<p><em>Pasi Enges<br \/>\nfolkloristiikan yliopisto-opettaja<\/em><\/p>\n","protected":false},"excerpt":{"rendered":"<p>\u201dVasta v\u00e4h\u00e4n aikaa olin ollut palveluksessa, ei minulla ollut virkavaatteitakaan viel\u00e4 silloin, olin siviilivaatteissa. Asemalle tuli sitten h\u00e4lytys, ett\u00e4 veneen kanssa on liikkeell\u00e4 joku vaarallinen aseistettu mies. P\u00e4\u00e4llikk\u00f6 tuli siihen p\u00e4ivystyshuoneeseen, avasi asekaapin ja otti sielt\u00e4 Suomi-konepistoolin ja t\u00e4yden rumpulippaan&#8230;<\/p>\n","protected":false},"author":1754,"featured_media":363,"comment_status":"closed","ping_status":"closed","sticky":false,"template":"","format":"standard","meta":{"_acf_changed":false,"_kad_blocks_custom_css":"","_kad_blocks_head_custom_js":"","_kad_blocks_body_custom_js":"","_kad_blocks_footer_custom_js":"","_kad_post_transparent":"","_kad_post_title":"","_kad_post_layout":"","_kad_post_sidebar_id":"","_kad_post_content_style":"","_kad_post_vertical_padding":"","_kad_post_feature":"","_kad_post_feature_position":"","_kad_post_header":false,"_kad_post_footer":false,"_kad_post_classname":"","wds_primary_category":0,"footnotes":""},"categories":[119],"tags":[251,2353],"class_list":["post-362","post","type-post","status-publish","format-standard","has-post-thumbnail","hentry","category-tutkimus-ja-opetus","tag-folkloristiikka","tag-hiiskuttua"],"acf":[],"lang":"fi","translations":{"fi":362},"taxonomy_info":{"category":[{"value":119,"label":"Tutkimus ja opetus"}],"post_tag":[{"value":251,"label":"folkloristiikka"},{"value":2353,"label":"Hiiskuttua"}]},"featured_image_src_large":["https:\/\/sites.utu.fi\/soihtu\/wp-content\/uploads\/sites\/107\/2012\/09\/TUTK_Rajavartiosto.jpg",356,240,false],"author_info":{"display_name":"Pasi Enges","author_link":"https:\/\/sites.utu.fi\/soihtu\/author\/aeliirutufi\/"},"comment_info":0,"category_info":[{"term_id":119,"name":"Tutkimus ja opetus","slug":"tutkimus-ja-opetus","term_group":0,"term_taxonomy_id":119,"taxonomy":"category","description":"","parent":0,"count":410,"filter":"raw","cat_ID":119,"category_count":410,"category_description":"","cat_name":"Tutkimus ja opetus","category_nicename":"tutkimus-ja-opetus","category_parent":0}],"tag_info":[{"term_id":251,"name":"folkloristiikka","slug":"folkloristiikka","term_group":0,"term_taxonomy_id":251,"taxonomy":"post_tag","description":"","parent":0,"count":48,"filter":"raw"},{"term_id":2353,"name":"Hiiskuttua","slug":"hiiskuttua","term_group":0,"term_taxonomy_id":2356,"taxonomy":"post_tag","description":"","parent":0,"count":971,"filter":"raw"}],"pll_sync_post":[],"_links":{"self":[{"href":"https:\/\/sites.utu.fi\/soihtu\/wp-json\/wp\/v2\/posts\/362","targetHints":{"allow":["GET"]}}],"collection":[{"href":"https:\/\/sites.utu.fi\/soihtu\/wp-json\/wp\/v2\/posts"}],"about":[{"href":"https:\/\/sites.utu.fi\/soihtu\/wp-json\/wp\/v2\/types\/post"}],"author":[{"embeddable":true,"href":"https:\/\/sites.utu.fi\/soihtu\/wp-json\/wp\/v2\/users\/1754"}],"replies":[{"embeddable":true,"href":"https:\/\/sites.utu.fi\/soihtu\/wp-json\/wp\/v2\/comments?post=362"}],"version-history":[{"count":3,"href":"https:\/\/sites.utu.fi\/soihtu\/wp-json\/wp\/v2\/posts\/362\/revisions"}],"predecessor-version":[{"id":10504,"href":"https:\/\/sites.utu.fi\/soihtu\/wp-json\/wp\/v2\/posts\/362\/revisions\/10504"}],"wp:featuredmedia":[{"embeddable":true,"href":"https:\/\/sites.utu.fi\/soihtu\/wp-json\/wp\/v2\/media\/363"}],"wp:attachment":[{"href":"https:\/\/sites.utu.fi\/soihtu\/wp-json\/wp\/v2\/media?parent=362"}],"wp:term":[{"taxonomy":"category","embeddable":true,"href":"https:\/\/sites.utu.fi\/soihtu\/wp-json\/wp\/v2\/categories?post=362"},{"taxonomy":"post_tag","embeddable":true,"href":"https:\/\/sites.utu.fi\/soihtu\/wp-json\/wp\/v2\/tags?post=362"}],"curies":[{"name":"wp","href":"https:\/\/api.w.org\/{rel}","templated":true}]}}