{"id":612,"date":"2013-10-07T10:49:37","date_gmt":"2013-10-07T07:49:37","guid":{"rendered":"http:\/\/hiiskuttua.utu.fi\/?p=612"},"modified":"2024-05-21T10:54:51","modified_gmt":"2024-05-21T07:54:51","slug":"mita-jos-media-ei-vaarista-ruumiinkuvaa","status":"publish","type":"post","link":"https:\/\/sites.utu.fi\/soihtu\/mita-jos-media-ei-vaarista-ruumiinkuvaa\/","title":{"rendered":"Mit\u00e4 jos media ei v\u00e4\u00e4rist\u00e4 ruumiinkuvaa?"},"content":{"rendered":"<figure id=\"attachment_574\" aria-describedby=\"caption-attachment-574\" style=\"width: 208px\" class=\"wp-caption alignright\"><a href=\"https:\/\/sites.utu.fi\/hiiskuttua\/wp-content\/uploads\/sites\/107\/2013\/10\/TUTK_Kyr\u00f6l\u00e4_Kuva1.jpg\"><img loading=\"lazy\" decoding=\"async\" class=\"size-medium wp-image-574\" src=\"https:\/\/sites.utu.fi\/hiiskuttua\/wp-content\/uploads\/sites\/107\/2013\/10\/TUTK_Kyr\u00f6l\u00e4_Kuva1-208x300.jpg\" alt=\"Ruumiinkuvan \u201dv\u00e4\u00e4ristyminen\u201d tiukkojen kauneusihanteiden vuoksi on julkisuudessa suuri huolenaihe. Tutkimusprojekti Painavat tunteet kuitenkin v\u00e4itt\u00e4\u00e4, ett\u00e4 ruumiinkuvaa ei ylip\u00e4\u00e4t\u00e4\u00e4n pit\u00e4isi ajatella v\u00e4\u00e4ristymisen tai yhtenevyyden kautta, sill\u00e4 se on aina ristiriitainen ja moninainen. \" width=\"208\" height=\"300\" \/><\/a><figcaption id=\"caption-attachment-574\" class=\"wp-caption-text\">Ruumiinkuvan \u201dv\u00e4\u00e4ristyminen\u201d tiukkojen kauneusihanteiden vuoksi on julkisuudessa suuri huolenaihe. Tutkimusprojekti <em>Painavat tunteet<\/em> kuitenkin v\u00e4itt\u00e4\u00e4, ett\u00e4 ruumiinkuvaa ei ylip\u00e4\u00e4t\u00e4\u00e4n pit\u00e4isi ajatella v\u00e4\u00e4ristymisen tai yhtenevyyden kautta, sill\u00e4 se on aina ristiriitainen ja moninainen.<\/figcaption><\/figure>\n<p><strong>Ruumiinkuvaa pidet\u00e4\u00e4n usein mitattavana asiana, joka muotoutuu my\u00f6nteinen\u2013kielteinen-akselilla ja yhtenee ideaalisti todellisen kehon kanssa. Julkisissa huolenilmauksissa ruumiinkuvan \u201dv\u00e4\u00e4ristymisest\u00e4\u201d media on yleisin syntipukki. Mutta eik\u00f6 suhde omaan kehoon ole v\u00e4ist\u00e4m\u00e4tt\u00e4 muuttuva ja ristiriitaisten tunteiden l\u00e4p\u00e4isem\u00e4, aivan kuten suhde mediakuvastoihinkin?<\/strong><\/p>\n<p>Tutkimusprojektissani <em>Painavat tunteet: ruumiinkuva, affektiivinen katsojuus ja feministisen etnografian mahdollisuudet<\/em> haastan yleisi\u00e4 k\u00e4sityksi\u00e4 ruumiinkuvasta ja kehit\u00e4n sit\u00e4 tutkimusmetodologisena ty\u00f6kaluna. P\u00e4invastoin kuin julkisuuden yksinkertaistavissa puhetavoissa, feministisess\u00e4 ja fenomenologisessa filosofiassa ruumiinkuvan k\u00e4sitteen avulla on purettu representaation ja ruumiillisuuden v\u00e4list\u00e4 kahtiajakoa: ruumiinkuvat eiv\u00e4t voi v\u00e4\u00e4risty\u00e4 median vaikutuksesta, sill\u00e4 se on jo itsess\u00e4\u00e4n osa sek\u00e4 fyysist\u00e4 kehoamme ett\u00e4 kuvakulttuuria. Sill\u00e4 viitataan siis sek\u00e4 ontologiseen kykyymme n\u00e4hd\u00e4 itsemme ja muut ajallisesti ja tilallisesti muuttuvina ett\u00e4 kulttuurisesti tuotettuihin tapoihin liikkua ja suuntautua maailmaan, joita esimerkiksi sukupuoli, seksuaalisuus, koko ja paino, \u201drotu\u201d ja luokka rajaavat sek\u00e4 avaavat.<\/p>\n<figure id=\"attachment_575\" aria-describedby=\"caption-attachment-575\" style=\"width: 240px\" class=\"wp-caption alignleft\"><a href=\"https:\/\/sites.utu.fi\/hiiskuttua\/wp-content\/uploads\/sites\/107\/2013\/10\/TUTK_Kyr\u00f6l\u00e4_Kuva2.jpg\"><img loading=\"lazy\" decoding=\"async\" class=\"size-thumbnail wp-image-575\" src=\"https:\/\/sites.utu.fi\/hiiskuttua\/wp-content\/uploads\/sites\/107\/2013\/10\/TUTK_Kyr\u00f6l\u00e4_Kuva2-240x240.jpg\" alt=\"Kehonormikriittisess\u00e4 aktivismissa, jota l\u00f6ytyy internetist\u00e4 paljon, pyrit\u00e4\u00e4n tuottamaan vaihtoehtoisia kuvia siit\u00e4, mik\u00e4 on kaunista, toimivaa ja hyv\u00e4ksytt\u00e4v\u00e4\u00e4 ruumiillisuutta. Aktivisti ja taiteilija Denise Jolly (kuvassa) on yksi monista, jotka ovat tehneet omasta kehosuhteestaan taidetta ja yhteiskuntakritiikki\u00e4.\" width=\"240\" height=\"240\" \/><\/a><figcaption id=\"caption-attachment-575\" class=\"wp-caption-text\">Kehonormikriittisess\u00e4 aktivismissa, jota l\u00f6ytyy internetist\u00e4 paljon, pyrit\u00e4\u00e4n tuottamaan vaihtoehtoisia kuvia siit\u00e4, mik\u00e4 on kaunista, toimivaa ja hyv\u00e4ksytt\u00e4v\u00e4\u00e4 ruumiillisuutta. Aktivisti ja taiteilija <a href=\"http:\/\/thebodyisnotanapology.tumblr.com\/post\/61423294333\/be-beautiful-how-30-days-nearly-naked-changed-my-life\">Denise Jolly<\/a> (kuvassa) on yksi monista, jotka ovat tehneet omasta kehosuhteestaan taidetta ja yhteiskuntakritiikki\u00e4.<\/figcaption><\/figure>\n<p>Projektissani selvit\u00e4n, miten ja mill\u00e4 ehdoilla feministisen filosofian ymm\u00e4rryst\u00e4 ruumiinkuvasta voidaan yhdist\u00e4\u00e4 mediaetnografiseen tutkimukseen \u2013 tai onko se ylip\u00e4\u00e4t\u00e4\u00e4n edes mahdollista. L\u00e4ht\u00f6kohtani on, ett\u00e4 mittausten sijaan ruumiinkuvan muotoutumista suhteessa mediaan tulisi tutkia affektiivisena eli liikkuvana ja moniulotteisena tunnesuhteena, jolloin painopiste on tunteissa ja kehon reaktioissa. Tutkimusmateriaalina n\u00e4iden tunnesuhteiden tarkastelussa k\u00e4yt\u00e4n muun muassa yliopisto-opiskelijoiden kirjoituksia elokuvien katsomiskokemuksista, SKS:n kanssa yhteisty\u00f6ss\u00e4 ker\u00e4ttyj\u00e4 suomalaisten muisteluja pornon k\u00e4yt\u00f6st\u00e4 sek\u00e4 kehonormikriittisten mediateosten tekij\u00f6iden ja katsojien haastatteluja.<\/p>\n<p>Er\u00e4s projektin haasteista on, miten tutkia jotain n\u00e4kym\u00e4t\u00f6nt\u00e4 ja muuttuvaa, jotain mik\u00e4 tuntuu vahvasti mutta jota on vaikea pukea sanoiksi. Silti ruumiinkuvia on t\u00e4rke\u00e4 tutkia suhteessa mediaan, sill\u00e4 ruumiinkuvat vaikuttavat koko keholliseen toimintakykyymme ja itseymm\u00e4rrykseemme, ja media on v\u00e4ist\u00e4m\u00e4tt\u00e4 osallinen t\u00e4ss\u00e4 prosessissa nykyajan l\u00e4nsimaissa.<\/p>\n<p><i>Katariina Kyr\u00f6l\u00e4 on filosofian tohtori, joka toimii Suomen Akatemian tutkijatohtorina mediatutkimuksen oppiaineessa 2013\u20132016.<\/i><\/p>\n","protected":false},"excerpt":{"rendered":"<p>Ruumiinkuvaa pidet\u00e4\u00e4n usein mitattavana asiana, joka muotoutuu my\u00f6nteinen\u2013kielteinen-akselilla ja yhtenee ideaalisti todellisen kehon kanssa. Julkisissa huolenilmauksissa ruumiinkuvan \u201dv\u00e4\u00e4ristymisest\u00e4\u201d media on yleisin syntipukki. Mutta eik\u00f6 suhde omaan kehoon ole v\u00e4ist\u00e4m\u00e4tt\u00e4 muuttuva ja ristiriitaisten tunteiden l\u00e4p\u00e4isem\u00e4, aivan kuten suhde mediakuvastoihinkin? Tutkimusprojektissani Painavat&#8230;<\/p>\n","protected":false},"author":1754,"featured_media":615,"comment_status":"closed","ping_status":"closed","sticky":false,"template":"","format":"standard","meta":{"_acf_changed":false,"_kad_blocks_custom_css":"","_kad_blocks_head_custom_js":"","_kad_blocks_body_custom_js":"","_kad_blocks_footer_custom_js":"","_kad_post_transparent":"","_kad_post_title":"","_kad_post_layout":"","_kad_post_sidebar_id":"","_kad_post_content_style":"","_kad_post_vertical_padding":"","_kad_post_feature":"","_kad_post_feature_position":"","_kad_post_header":false,"_kad_post_footer":false,"_kad_post_classname":"","wds_primary_category":0,"footnotes":""},"categories":[119],"tags":[2353,197],"class_list":["post-612","post","type-post","status-publish","format-standard","has-post-thumbnail","hentry","category-tutkimus-ja-opetus","tag-hiiskuttua","tag-mediatutkimus"],"acf":[],"lang":"fi","translations":{"fi":612},"taxonomy_info":{"category":[{"value":119,"label":"Tutkimus ja opetus"}],"post_tag":[{"value":2353,"label":"Hiiskuttua"},{"value":197,"label":"mediatutkimus"}]},"featured_image_src_large":["https:\/\/sites.utu.fi\/soihtu\/wp-content\/uploads\/sites\/107\/2013\/10\/TUTK_Kyr\u00f6l\u00e4_Kuva2.jpg",300,300,false],"author_info":{"display_name":"Katariina Kyr\u00f6l\u00e4","author_link":"https:\/\/sites.utu.fi\/soihtu\/author\/aeliirutufi\/"},"comment_info":0,"category_info":[{"term_id":119,"name":"Tutkimus ja opetus","slug":"tutkimus-ja-opetus","term_group":0,"term_taxonomy_id":119,"taxonomy":"category","description":"","parent":0,"count":410,"filter":"raw","cat_ID":119,"category_count":410,"category_description":"","cat_name":"Tutkimus ja opetus","category_nicename":"tutkimus-ja-opetus","category_parent":0}],"tag_info":[{"term_id":2353,"name":"Hiiskuttua","slug":"hiiskuttua","term_group":0,"term_taxonomy_id":2356,"taxonomy":"post_tag","description":"","parent":0,"count":971,"filter":"raw"},{"term_id":197,"name":"mediatutkimus","slug":"mediatutkimus","term_group":0,"term_taxonomy_id":197,"taxonomy":"post_tag","description":"","parent":0,"count":23,"filter":"raw"}],"pll_sync_post":[],"_links":{"self":[{"href":"https:\/\/sites.utu.fi\/soihtu\/wp-json\/wp\/v2\/posts\/612","targetHints":{"allow":["GET"]}}],"collection":[{"href":"https:\/\/sites.utu.fi\/soihtu\/wp-json\/wp\/v2\/posts"}],"about":[{"href":"https:\/\/sites.utu.fi\/soihtu\/wp-json\/wp\/v2\/types\/post"}],"author":[{"embeddable":true,"href":"https:\/\/sites.utu.fi\/soihtu\/wp-json\/wp\/v2\/users\/1754"}],"replies":[{"embeddable":true,"href":"https:\/\/sites.utu.fi\/soihtu\/wp-json\/wp\/v2\/comments?post=612"}],"version-history":[{"count":2,"href":"https:\/\/sites.utu.fi\/soihtu\/wp-json\/wp\/v2\/posts\/612\/revisions"}],"predecessor-version":[{"id":10420,"href":"https:\/\/sites.utu.fi\/soihtu\/wp-json\/wp\/v2\/posts\/612\/revisions\/10420"}],"wp:featuredmedia":[{"embeddable":true,"href":"https:\/\/sites.utu.fi\/soihtu\/wp-json\/wp\/v2\/media\/615"}],"wp:attachment":[{"href":"https:\/\/sites.utu.fi\/soihtu\/wp-json\/wp\/v2\/media?parent=612"}],"wp:term":[{"taxonomy":"category","embeddable":true,"href":"https:\/\/sites.utu.fi\/soihtu\/wp-json\/wp\/v2\/categories?post=612"},{"taxonomy":"post_tag","embeddable":true,"href":"https:\/\/sites.utu.fi\/soihtu\/wp-json\/wp\/v2\/tags?post=612"}],"curies":[{"name":"wp","href":"https:\/\/api.w.org\/{rel}","templated":true}]}}