{"id":6615,"date":"2019-12-16T14:02:01","date_gmt":"2019-12-16T12:02:01","guid":{"rendered":"https:\/\/sites.utu.fi\/hiiskuttua\/?p=6615"},"modified":"2024-04-22T14:43:17","modified_gmt":"2024-04-22T11:43:17","slug":"tutkimassa-vakivaltaa-kulttuurisissa-kertomuksissa","status":"publish","type":"post","link":"https:\/\/sites.utu.fi\/soihtu\/tutkimassa-vakivaltaa-kulttuurisissa-kertomuksissa\/","title":{"rendered":"Tutkimassa v\u00e4kivaltaa kulttuurisissa kertomuksissa"},"content":{"rendered":"<p>Aboa Vetus &amp; Ars Nova -museossa ja yliopiston Sirkkalan kampuksella j\u00e4rjestettiin 27.\u201329.8.2019 monitieteinen The Hermeneutics of Violence -workshop. Tapahtuma oli osa suurempaa <a href=\"https:\/\/site.uit.no\/violence\/\">Interpreting Violence: Narrative, Ethics and Hermeneutics -hanketta<\/a>, joka keskittyy v\u00e4kivaltaa k\u00e4sittelevien kertomusten etiikkaa koskevaan tutkimukseen. Pohjoismaista hanketta vet\u00e4t\u00e4v\u00e4t \u00a0<strong>Cassandra Falke<\/strong>, <strong>Robert Appelbaum<\/strong>, <strong>Victoria Fareld<\/strong> ja <strong>Hanna Meretoja<\/strong>.<\/p>\n<figure id=\"attachment_6624\" aria-describedby=\"caption-attachment-6624\" style=\"width: 400px\" class=\"wp-caption alignleft\"><img loading=\"lazy\" decoding=\"async\" class=\"wp-image-6624 size-large\" src=\"https:\/\/sites.utu.fi\/hiiskuttua\/wp-content\/uploads\/sites\/107\/2019\/12\/Aboa-vetus-ars-nova-400x300.jpg\" alt=\"\" width=\"400\" height=\"300\" srcset=\"https:\/\/sites.utu.fi\/soihtu\/wp-content\/uploads\/sites\/107\/2019\/12\/Aboa-vetus-ars-nova-400x300.jpg 400w, https:\/\/sites.utu.fi\/soihtu\/wp-content\/uploads\/sites\/107\/2019\/12\/Aboa-vetus-ars-nova-360x270.jpg 360w, https:\/\/sites.utu.fi\/soihtu\/wp-content\/uploads\/sites\/107\/2019\/12\/Aboa-vetus-ars-nova-768x576.jpg 768w, https:\/\/sites.utu.fi\/soihtu\/wp-content\/uploads\/sites\/107\/2019\/12\/Aboa-vetus-ars-nova-228x171.jpg 228w, https:\/\/sites.utu.fi\/soihtu\/wp-content\/uploads\/sites\/107\/2019\/12\/Aboa-vetus-ars-nova.jpg 1440w\" sizes=\"auto, (max-width: 400px) 100vw, 400px\" \/><figcaption id=\"caption-attachment-6624\" class=\"wp-caption-text\">Nena Mo\u010dnik esitelm\u00f6i Aboa Vetus &amp; Ars Novassa (kuva: Hanna Meretoja)<\/figcaption><\/figure>\n<p>Hanna Meretoja avasi tilaisuuden kertomalla hankkeesta ja luomalla k\u00e4sitteellisen katsauksen erilaisiin v\u00e4kivallan muotoihin, kuten diskursiivis-k\u00e4sitteelliseen ja ruumiilliseen, fyysiseen v\u00e4kivaltaan, ja pohtimalla niit\u00e4 suhteessa sairastumisen kokemukseen. Tiistain puhujat <strong>Nena Mo\u010dnik<\/strong>, <strong>Vincent van Bever Donker<\/strong> ja <strong>Molly Andrews<\/strong> k\u00e4sitteliv\u00e4t monipuolisesti v\u00e4kivallan kytk\u00f6st\u00e4 kertomuksiin, etiikkaan ja tutkijan toimintaan.<\/p>\n<p>Workshopin ensimm\u00e4inen puhuja, yleisen kirjallisuustieteen postdoc-tutkija Nena Mo\u010dnik, pureutui esitelm\u00e4ss\u00e4\u00e4n siihen, millaisia tuntemuksia anteeksiannon prosessi on her\u00e4tt\u00e4nyt Bosnian sodan aikana raiskatuissa. Esitelm\u00e4 perustui Mo\u010dnikin aihetta k\u00e4sittelev\u00e4\u00e4n projektiin sek\u00e4 sen yhteydess\u00e4 tehtyihin haastatteluihin. Sen lis\u00e4ksi, ett\u00e4 uhrit ovat sodan aikana kokeneet fyysist\u00e4 v\u00e4kivaltaa, Mo\u010dnikin mukaan he ovat sodan j\u00e4lkeisess\u00e4 anteeksiantamisen prosessissaan joutuneet henkisen v\u00e4kivallan kohteiksi. Bosnia-Hertzegovinan valtiollisella tasolla suurinta osaa raiskauksista ei ole esimerkiksi tunnustettu. Uhrit ovatkin kokeneet, ett\u00e4 heid\u00e4n kustannuksellaan suojellaan tekij\u00f6it\u00e4. He my\u00f6s pelk\u00e4\u00e4v\u00e4t, ett\u00e4 anteeksiantaminen johtaa tekojen unohtamiseen.<\/p>\n<figure id=\"attachment_6630\" aria-describedby=\"caption-attachment-6630\" style=\"width: 360px\" class=\"wp-caption alignleft\"><img loading=\"lazy\" decoding=\"async\" class=\"size-medium wp-image-6630\" src=\"https:\/\/sites.utu.fi\/hiiskuttua\/wp-content\/uploads\/sites\/107\/2019\/12\/Cruise-360x214.jpg\" alt=\"\" width=\"360\" height=\"214\" srcset=\"https:\/\/sites.utu.fi\/soihtu\/wp-content\/uploads\/sites\/107\/2019\/12\/Cruise-360x214.jpg 360w, https:\/\/sites.utu.fi\/soihtu\/wp-content\/uploads\/sites\/107\/2019\/12\/Cruise-768x456.jpg 768w, https:\/\/sites.utu.fi\/soihtu\/wp-content\/uploads\/sites\/107\/2019\/12\/Cruise-505x300.jpg 505w, https:\/\/sites.utu.fi\/soihtu\/wp-content\/uploads\/sites\/107\/2019\/12\/Cruise-228x135.jpg 228w, https:\/\/sites.utu.fi\/soihtu\/wp-content\/uploads\/sites\/107\/2019\/12\/Cruise-14x8.jpg 14w, https:\/\/sites.utu.fi\/soihtu\/wp-content\/uploads\/sites\/107\/2019\/12\/Cruise.jpg 2048w\" sizes=\"auto, (max-width: 360px) 100vw, 360px\" \/><figcaption id=\"caption-attachment-6630\" class=\"wp-caption-text\">Workshopin illallinen Loistokarilla (kuva: Marta Cenedese)<\/figcaption><\/figure>\n<p>Kirjallisuudentutkija Vincent van Bever Donker k\u00e4sitteli omassa osuudessaan <strong>Chimamanda Adichien<\/strong> romaanissa <em>Puolikas keltaista aurinkoa<\/em> sek\u00e4 <strong>Caryl Phillipsin<\/strong> <em>Crossing the River <\/em>-romaanissa esiintyv\u00e4\u00e4 v\u00e4kivaltaa sek\u00e4 sen ja siihen liittyvien tuntemuksien tunnistamista. K\u00e4ytt\u00e4m\u00e4ll\u00e4 esimerkkein\u00e4\u00e4n todellisiin historian tapahtumiin pohjautuvia romaaneja Van Bever Donker korosti, miten t\u00e4rke\u00e4\u00e4 lukijan on tunnistaa teoksissa ilmenev\u00e4t tuska ja trauma, ja sit\u00e4 kautta ymm\u00e4rt\u00e4\u00e4 kuvattuja tapahtumia ja kokemuksia, el\u00e4yty\u00e4 ja jopa samaistua niihin. N\u00e4in tapahtumat muistetaan ja ne kokeneille henkil\u00f6ille tehd\u00e4\u00e4n oikeutta.<\/p>\n<p>P\u00e4iv\u00e4n viimeinen puhuja, poliittisen psykologian professori Molly Andrews, k\u00e4sitteli esitelm\u00e4ss\u00e4\u00e4n tutkijan asemaa, vastuuta ja etiikkaa toisen henkil\u00f6n tarinasta kerrottaessa. H\u00e4nen mukaansa tutkija voi helposti huomaamattaan ja tahtomattaan tehd\u00e4 v\u00e4kivaltaa haastateltavalleen. Andrewsin mielest\u00e4 tutkijan tulisikin ik\u00e4\u00e4n kuin lainata oma kehonsa haastateltavalleen eli toimia h\u00e4nen tarinalleen oikeutta tekev\u00e4n\u00e4 v\u00e4litt\u00e4j\u00e4n\u00e4. Eettist\u00e4 tutkimusta tehd\u00e4kseen tutkijan onkin hyv\u00e4 tiedostaa sek\u00e4 ty\u00f6ns\u00e4 l\u00e4ht\u00f6kohdat ett\u00e4 oma asemansa tutkijana.<\/p>\n<figure id=\"attachment_6639\" aria-describedby=\"caption-attachment-6639\" style=\"width: 360px\" class=\"wp-caption alignright\"><img loading=\"lazy\" decoding=\"async\" class=\"size-medium wp-image-6639\" src=\"https:\/\/sites.utu.fi\/hiiskuttua\/wp-content\/uploads\/sites\/107\/2019\/12\/Workshop-1-360x184.jpg\" alt=\"\" width=\"360\" height=\"184\" srcset=\"https:\/\/sites.utu.fi\/soihtu\/wp-content\/uploads\/sites\/107\/2019\/12\/Workshop-1-360x184.jpg 360w, https:\/\/sites.utu.fi\/soihtu\/wp-content\/uploads\/sites\/107\/2019\/12\/Workshop-1-768x392.jpg 768w, https:\/\/sites.utu.fi\/soihtu\/wp-content\/uploads\/sites\/107\/2019\/12\/Workshop-1-587x300.jpg 587w, https:\/\/sites.utu.fi\/soihtu\/wp-content\/uploads\/sites\/107\/2019\/12\/Workshop-1-228x116.jpg 228w, https:\/\/sites.utu.fi\/soihtu\/wp-content\/uploads\/sites\/107\/2019\/12\/Workshop-1-14x8.jpg 14w, https:\/\/sites.utu.fi\/soihtu\/wp-content\/uploads\/sites\/107\/2019\/12\/Workshop-1.jpg 2048w\" sizes=\"auto, (max-width: 360px) 100vw, 360px\" \/><figcaption id=\"caption-attachment-6639\" class=\"wp-caption-text\">Paneelikeskustelussa Brian Schiff, Cassandra Falke, Colin Davis, Molly Andrews ja Hanna Meretoja (kuva: Marta Cenedese)<\/figcaption><\/figure>\n<p>Keskiviikon ja torstain puhujat jatkoivat v\u00e4kivaltaa koskevien kertomusten k\u00e4sittely\u00e4. Esityksiss\u00e4 l\u00e4hestyttiin v\u00e4kivaltaa ja sen eri muotoja kertomusten aiheena sek\u00e4 tutkimus- ja tulkintakohteena. Workshop antoikin runsaasti pohdittavaa etenkin v\u00e4kivallan ja kertomusten kytk\u00f6ksist\u00e4 sek\u00e4 tutkijan eettisest\u00e4 toiminnasta. Tapahtuman pohjalta on tekeill\u00e4 kansainv\u00e4linen kokoomateos. Interpreting Violence -hankkeen ymp\u00e4rille on rakentunut tutkijaverkosto, joka jatkaa tutkimusyhteisty\u00f6t\u00e4 eri muodoissa.<\/p>\n<p><strong><br \/>\n<\/strong><em>Kirjoittaja on yleisen kirjallisuustieteen opiskelija, joka oli tapahtuman aikaan harjoittelijana kirjallisuusaineissa.<\/em><\/p>\n<p>Artikkelikuva: Pete Linforth \/ pixabay.com<\/p>\n","protected":false},"excerpt":{"rendered":"<p>Aboa Vetus &amp; Ars Nova -museossa ja yliopiston Sirkkalan kampuksella j\u00e4rjestettiin 27.\u201329.8.2019 monitieteinen The Hermeneutics of Violence -workshop. Tapahtuma oli osa suurempaa Interpreting Violence: Narrative, Ethics and Hermeneutics -hanketta, joka keskittyy v\u00e4kivaltaa k\u00e4sittelevien kertomusten etiikkaa koskevaan tutkimukseen. Pohjoismaista hanketta vet\u00e4t\u00e4v\u00e4t&#8230;<\/p>\n","protected":false},"author":1775,"featured_media":6618,"comment_status":"closed","ping_status":"closed","sticky":false,"template":"","format":"standard","meta":{"_acf_changed":false,"_kad_blocks_custom_css":"","_kad_blocks_head_custom_js":"","_kad_blocks_body_custom_js":"","_kad_blocks_footer_custom_js":"","_kad_post_transparent":"","_kad_post_title":"","_kad_post_layout":"","_kad_post_sidebar_id":"","_kad_post_content_style":"","_kad_post_vertical_padding":"","_kad_post_feature":"","_kad_post_feature_position":"","_kad_post_header":false,"_kad_post_footer":false,"_kad_post_classname":"","wds_primary_category":0,"footnotes":""},"categories":[113,119],"tags":[2353,845,953,443,1095],"class_list":["post-6615","post","type-post","status-publish","format-standard","has-post-thumbnail","hentry","category-tapahtumat","category-tutkimus-ja-opetus","tag-hiiskuttua","tag-kirjallisuudentutkimus","tag-konferenssit","tag-taiteentutkimus","tag-vakivalta"],"acf":[],"lang":"fi","translations":{"fi":6615},"taxonomy_info":{"category":[{"value":113,"label":"Tapahtumat"},{"value":119,"label":"Tutkimus ja opetus"}],"post_tag":[{"value":2353,"label":"Hiiskuttua"},{"value":845,"label":"kirjallisuudentutkimus"},{"value":953,"label":"konferenssit"},{"value":443,"label":"taiteentutkimus"},{"value":1095,"label":"v\u00e4kivalta"}]},"featured_image_src_large":["https:\/\/sites.utu.fi\/soihtu\/wp-content\/uploads\/sites\/107\/2019\/12\/artikkelikuva-hermeneutics-of-violence-452x300.jpg",452,300,true],"author_info":{"display_name":"Liisa M\u00e4\u00e4tt\u00e4","author_link":"https:\/\/sites.utu.fi\/soihtu\/author\/jummatiutufi\/"},"comment_info":0,"category_info":[{"term_id":113,"name":"Tapahtumat","slug":"tapahtumat","term_group":0,"term_taxonomy_id":113,"taxonomy":"category","description":"","parent":0,"count":180,"filter":"raw","cat_ID":113,"category_count":180,"category_description":"","cat_name":"Tapahtumat","category_nicename":"tapahtumat","category_parent":0},{"term_id":119,"name":"Tutkimus ja opetus","slug":"tutkimus-ja-opetus","term_group":0,"term_taxonomy_id":119,"taxonomy":"category","description":"","parent":0,"count":410,"filter":"raw","cat_ID":119,"category_count":410,"category_description":"","cat_name":"Tutkimus ja opetus","category_nicename":"tutkimus-ja-opetus","category_parent":0}],"tag_info":[{"term_id":2353,"name":"Hiiskuttua","slug":"hiiskuttua","term_group":0,"term_taxonomy_id":2356,"taxonomy":"post_tag","description":"","parent":0,"count":971,"filter":"raw"},{"term_id":845,"name":"kirjallisuudentutkimus","slug":"kirjallisuudentutkimus","term_group":0,"term_taxonomy_id":848,"taxonomy":"post_tag","description":"","parent":0,"count":3,"filter":"raw"},{"term_id":953,"name":"konferenssit","slug":"konferenssit","term_group":0,"term_taxonomy_id":956,"taxonomy":"post_tag","description":"","parent":0,"count":3,"filter":"raw"},{"term_id":443,"name":"taiteentutkimus","slug":"taiteentutkimus","term_group":0,"term_taxonomy_id":443,"taxonomy":"post_tag","description":"","parent":0,"count":2,"filter":"raw"},{"term_id":1095,"name":"v\u00e4kivalta","slug":"vakivalta","term_group":0,"term_taxonomy_id":1098,"taxonomy":"post_tag","description":"","parent":0,"count":1,"filter":"raw"}],"pll_sync_post":[],"_links":{"self":[{"href":"https:\/\/sites.utu.fi\/soihtu\/wp-json\/wp\/v2\/posts\/6615","targetHints":{"allow":["GET"]}}],"collection":[{"href":"https:\/\/sites.utu.fi\/soihtu\/wp-json\/wp\/v2\/posts"}],"about":[{"href":"https:\/\/sites.utu.fi\/soihtu\/wp-json\/wp\/v2\/types\/post"}],"author":[{"embeddable":true,"href":"https:\/\/sites.utu.fi\/soihtu\/wp-json\/wp\/v2\/users\/1775"}],"replies":[{"embeddable":true,"href":"https:\/\/sites.utu.fi\/soihtu\/wp-json\/wp\/v2\/comments?post=6615"}],"version-history":[{"count":8,"href":"https:\/\/sites.utu.fi\/soihtu\/wp-json\/wp\/v2\/posts\/6615\/revisions"}],"predecessor-version":[{"id":9706,"href":"https:\/\/sites.utu.fi\/soihtu\/wp-json\/wp\/v2\/posts\/6615\/revisions\/9706"}],"wp:featuredmedia":[{"embeddable":true,"href":"https:\/\/sites.utu.fi\/soihtu\/wp-json\/wp\/v2\/media\/6618"}],"wp:attachment":[{"href":"https:\/\/sites.utu.fi\/soihtu\/wp-json\/wp\/v2\/media?parent=6615"}],"wp:term":[{"taxonomy":"category","embeddable":true,"href":"https:\/\/sites.utu.fi\/soihtu\/wp-json\/wp\/v2\/categories?post=6615"},{"taxonomy":"post_tag","embeddable":true,"href":"https:\/\/sites.utu.fi\/soihtu\/wp-json\/wp\/v2\/tags?post=6615"}],"curies":[{"name":"wp","href":"https:\/\/api.w.org\/{rel}","templated":true}]}}