{"id":8478,"date":"2021-10-20T10:08:10","date_gmt":"2021-10-20T07:08:10","guid":{"rendered":"https:\/\/sites.utu.fi\/hiiskuttua\/?p=8478"},"modified":"2021-10-20T12:04:27","modified_gmt":"2021-10-20T09:04:27","slug":"katastrofin-varoitukset-st-helensin-tulivuoren-purkautumisen-ennakointi-ja-siihen-reagointi","status":"publish","type":"post","link":"https:\/\/sites.utu.fi\/soihtu\/katastrofin-varoitukset-st-helensin-tulivuoren-purkautumisen-ennakointi-ja-siihen-reagointi\/","title":{"rendered":"Katastrofin varoitukset \u2013 St. Helensin tulivuoren purkautumisen ennakointi ja siihen reagointi"},"content":{"rendered":"<p><strong>Sunnuntaiaamu, 18.5.1980, Yhdysvallat, Washingtonin osavaltio. Se, mist\u00e4 n\u00e4ytti tulevan kaunis p\u00e4iv\u00e4, muuttui hetkess\u00e4 katastrofiksi. St. Helensin tulivuoren purkautuminen aiheutti 57 ihmisen kuoleman ja j\u00e4tti j\u00e4lkeens\u00e4 t\u00e4ydellisen h\u00e4vityksen \u2013 mutta olisiko t\u00e4lt\u00e4 voitu osittain v\u00e4ltty\u00e4?<\/strong><\/p>\n<h2><strong>Ennenn\u00e4kem\u00e4tt\u00f6m\u00e4n ennakointi<\/strong><\/h2>\n<figure id=\"attachment_8481\" aria-describedby=\"caption-attachment-8481\" style=\"width: 360px\" class=\"wp-caption alignright\"><img loading=\"lazy\" decoding=\"async\" class=\"wp-image-8481 size-medium\" src=\"https:\/\/sites.utu.fi\/hiiskuttua\/wp-content\/uploads\/sites\/107\/2021\/10\/Jessi_Tasanko_Kuva1-360x241.jpg\" alt=\"ST. Helens\" width=\"360\" height=\"241\" srcset=\"https:\/\/sites.utu.fi\/soihtu\/wp-content\/uploads\/sites\/107\/2021\/10\/Jessi_Tasanko_Kuva1-360x241.jpg 360w, https:\/\/sites.utu.fi\/soihtu\/wp-content\/uploads\/sites\/107\/2021\/10\/Jessi_Tasanko_Kuva1-449x300.jpg 449w, https:\/\/sites.utu.fi\/soihtu\/wp-content\/uploads\/sites\/107\/2021\/10\/Jessi_Tasanko_Kuva1-768x513.jpg 768w, https:\/\/sites.utu.fi\/soihtu\/wp-content\/uploads\/sites\/107\/2021\/10\/Jessi_Tasanko_Kuva1-1536x1027.jpg 1536w, https:\/\/sites.utu.fi\/soihtu\/wp-content\/uploads\/sites\/107\/2021\/10\/Jessi_Tasanko_Kuva1-scaled.jpg 2048w, https:\/\/sites.utu.fi\/soihtu\/wp-content\/uploads\/sites\/107\/2021\/10\/Jessi_Tasanko_Kuva1-228x152.jpg 228w, https:\/\/sites.utu.fi\/soihtu\/wp-content\/uploads\/sites\/107\/2021\/10\/Jessi_Tasanko_Kuva1-14x8.jpg 14w, https:\/\/sites.utu.fi\/soihtu\/wp-content\/uploads\/sites\/107\/2021\/10\/Jessi_Tasanko_Kuva1-640x430.jpg 640w\" sizes=\"auto, (max-width: 360px) 100vw, 360px\" \/><figcaption id=\"caption-attachment-8481\" class=\"wp-caption-text\">Huhtikuun lopulla otettu kuva n\u00e4ytt\u00e4\u00e4 pullistuneen pohjoispuolen. Pullistuma kasvoi puolitoista metri\u00e4 p\u00e4iv\u00e4ss\u00e4. (Peter Lipman\/Wikimedia Commons)<\/figcaption><\/figure>\n<p>Ennen St. Helensi\u00e4 purkauksia ei tieteellisesti dokumentoitu, mink\u00e4 vuoksi tulivuoren purkauksia ei voitu ennakoida. Yll\u00e4tyksen\u00e4 tulikin geologien Dwight Grandellin ja Donal Mullineauxin vuonna 1978 ilmestynyt tiedote, jossa he varoittivat St. Helensin tulevien purkautumisten vaaroista. Varoitukset konkretisoituivat maanj\u00e4ristyksill\u00e4 maaliskuussa 1980, jolloin Yhdysvaltain geologinen\u00a0 tutkimuskeskus asensi monitoreita mittaamaan olosuhteiden muutoksia. Tulivuori purkautui 27. maaliskuuta sy\u00f6sten tuhkaa kolmen\u00a0 kilometrin korkeuteen, ja vuoren pohjoispuoli alkoi n\u00e4kyv\u00e4sti pullistua. Nukkuva j\u00e4ttil\u00e4inen oli her\u00e4\u00e4m\u00e4ss\u00e4 yli sadan vuoden\u00a0 unestaan,mik\u00e4 her\u00e4tti mediasensaation.<\/p>\n<h2><strong>Reagointi uhkaan<\/strong><\/h2>\n<p>Varoituksista huolimatta tuhansia ihmisi\u00e4 saapui alueelle. Huhtikuun alussa osavaltioon julistettiin h\u00e4t\u00e4tila ja kansalliskaarti m\u00e4\u00e4r\u00e4ttiin pystytt\u00e4m\u00e4\u00e4n tiesulkuja. Ihmisi\u00e4 evakuoitiin v\u00e4liaikaisesti. Kuun lopussa tulivat viralliset aluerajoitukset: punainen vy\u00f6hyke, joka vaihteli viidest\u00e4 yhteentoista kilometriin tulivuoresta, oli sallittu vain tutkijoille ja viranomaisille. Huolestuttavan kapea sininen vy\u00f6hyke ymp\u00e4r\u00f6i punaista \u2013 siell\u00e4 metsurit ja tonttien omistajat saivat liikkua p\u00e4iv\u00e4saikaan luvan kanssa. Sinisen vy\u00f6hykkeen laajentamista vaikeutti vy\u00f6hykkeen l\u00e4heisyydess\u00e4 sijainnut puutavarayhti\u00f6n mets\u00e4talousmaa. Laajennuspyynt\u00f6 toimitettiin kuvern\u00f6\u00f6ri Dixie Lee Raylle, jonka ty\u00f6p\u00f6yd\u00e4ll\u00e4 se oli viel\u00e4 allekirjoittamattomana aamuna 18:s toukokuuta.<\/p>\n<h2><strong>Purkauksen perint\u00f6<\/strong><\/h2>\n<figure id=\"attachment_8499\" aria-describedby=\"caption-attachment-8499\" style=\"width: 360px\" class=\"wp-caption alignright\"><img loading=\"lazy\" decoding=\"async\" class=\"wp-image-8499 size-medium\" src=\"https:\/\/sites.utu.fi\/hiiskuttua\/wp-content\/uploads\/sites\/107\/2021\/10\/Jessi_Tasanko_Kuva2-360x241.jpg\" alt=\"purkauksen j\u00e4ljet\" width=\"360\" height=\"241\" srcset=\"https:\/\/sites.utu.fi\/soihtu\/wp-content\/uploads\/sites\/107\/2021\/10\/Jessi_Tasanko_Kuva2-360x241.jpg 360w, https:\/\/sites.utu.fi\/soihtu\/wp-content\/uploads\/sites\/107\/2021\/10\/Jessi_Tasanko_Kuva2-448x300.jpg 448w, https:\/\/sites.utu.fi\/soihtu\/wp-content\/uploads\/sites\/107\/2021\/10\/Jessi_Tasanko_Kuva2-768x515.jpg 768w, https:\/\/sites.utu.fi\/soihtu\/wp-content\/uploads\/sites\/107\/2021\/10\/Jessi_Tasanko_Kuva2-1536x1029.jpg 1536w, https:\/\/sites.utu.fi\/soihtu\/wp-content\/uploads\/sites\/107\/2021\/10\/Jessi_Tasanko_Kuva2-scaled.jpg 2048w, https:\/\/sites.utu.fi\/soihtu\/wp-content\/uploads\/sites\/107\/2021\/10\/Jessi_Tasanko_Kuva2-228x153.jpg 228w, https:\/\/sites.utu.fi\/soihtu\/wp-content\/uploads\/sites\/107\/2021\/10\/Jessi_Tasanko_Kuva2-14x8.jpg 14w, https:\/\/sites.utu.fi\/soihtu\/wp-content\/uploads\/sites\/107\/2021\/10\/Jessi_Tasanko_Kuva2-640x430.jpg 640w\" sizes=\"auto, (max-width: 360px) 100vw, 360px\" \/><figcaption id=\"caption-attachment-8499\" class=\"wp-caption-text\">Purkauksen j\u00e4lke\u00e4 syyskuussa 1980. Tuhon mittakaavaa havainnollistaa kaksi geologia oikeassa alareunassa. (Lyn Topinka\/Wikimedia Commons)<\/figcaption><\/figure>\n<p>Kun St. Helens purkautui, se r\u00e4j\u00e4hti sivusuuntaisesti kaataen ja polttaen kaiken tielt\u00e4\u00e4n 325 metrin sekuntivauhdilla ulottuen\u00a0 29\u00a0kilometrin p\u00e4\u00e4h\u00e4n. Samalla se aiheutti suurimman todistetun maanvy\u00f6ryn. Kuolleista vain kolme oli punaisen ja kolme sinisen vy\u00f6hykkeen sis\u00e4ll\u00e4. Tuuriakin oli: jos purkaus olisi tapahtunut arkip\u00e4iv\u00e4n\u00e4, alueella olisi ollut satoja puutavarayhti\u00f6n ty\u00f6ntekij\u00f6it\u00e4. Grandellin ja Mullineauxin tiedotteessa moni asia ennustettiin oikein, mutta hekin yll\u00e4ttyiv\u00e4t tuhon laajuudesta. St. Helensist\u00e4 tuli tarkimmin dokumentoitu purkaus, mik\u00e4 mullisti tulivuorten tutkimisen. Purkauksien ennakointiin kehitettiin monitoriverkosto, jolla seurataan tulivuorista vapautuvia kaasuja, vuorten ep\u00e4muodostumia sek\u00e4 maanj\u00e4ristyksi\u00e4.<\/p>\n<p><em>Kirjoittaja on humanististen tieteiden kandidaatti. Kirjoitus on osa Turun yliopiston historian, kulttuurin ja taiteiden tutkimuksen laitoksella kev\u00e4\u00e4ll\u00e4 2021 j\u00e4rjestetyn Ymp\u00e4rist\u00f6- ja merihistorian seminaarin opiskelijoiden artikkelisarjaa.<\/em><\/p>\n<p>&gt;&gt;<a href=\"https:\/\/sites.utu.fi\/hiiskuttua\/tag\/ymparisto-ja-merihistorian-seminaari\/\">Lue sarjan muut artikkelit<\/a><\/p>\n","protected":false},"excerpt":{"rendered":"<p>Sunnuntaiaamu, 18.5.1980, Yhdysvallat, Washingtonin osavaltio. Se, mist\u00e4 n\u00e4ytti tulevan kaunis p\u00e4iv\u00e4, muuttui hetkess\u00e4 katastrofiksi. St. Helensin tulivuoren purkautuminen aiheutti 57 ihmisen kuoleman ja j\u00e4tti j\u00e4lkeens\u00e4 t\u00e4ydellisen h\u00e4vityksen \u2013 mutta olisiko t\u00e4lt\u00e4 voitu osittain v\u00e4ltty\u00e4? Ennenn\u00e4kem\u00e4tt\u00f6m\u00e4n ennakointi Ennen St. Helensi\u00e4 purkauksia&#8230;<\/p>\n","protected":false},"author":3741,"featured_media":8508,"comment_status":"closed","ping_status":"closed","sticky":false,"template":"","format":"standard","meta":{"_acf_changed":false,"_kad_blocks_custom_css":"","_kad_blocks_head_custom_js":"","_kad_blocks_body_custom_js":"","_kad_blocks_footer_custom_js":"","_kad_post_transparent":"","_kad_post_title":"","_kad_post_layout":"","_kad_post_sidebar_id":"","_kad_post_content_style":"","_kad_post_vertical_padding":"","_kad_post_feature":"","_kad_post_feature_position":"","_kad_post_header":false,"_kad_post_footer":false,"_kad_post_classname":"","wds_primary_category":0,"footnotes":""},"categories":[89,119],"tags":[2353,1899,1671,1689],"class_list":["post-8478","post","type-post","status-publish","format-standard","has-post-thumbnail","hentry","category-opiskelijat","category-tutkimus-ja-opetus","tag-hiiskuttua","tag-ymparisto-ja-merihistorian-seminaari","tag-ymparistohistoria","tag-ymparistonsuojelu"],"acf":[],"lang":"fi","translations":{"fi":8478},"taxonomy_info":{"category":[{"value":89,"label":"Opiskelijat"},{"value":119,"label":"Tutkimus ja opetus"}],"post_tag":[{"value":2353,"label":"Hiiskuttua"},{"value":1899,"label":"ymp\u00e4rist\u00f6- ja merihistorian seminaari"},{"value":1671,"label":"ymp\u00e4rist\u00f6historia"},{"value":1689,"label":"ymp\u00e4rist\u00f6nsuojelu"}]},"featured_image_src_large":["https:\/\/sites.utu.fi\/soihtu\/wp-content\/uploads\/sites\/107\/2021\/10\/Jessi_Tasanko_Kuva3-400x300.jpg",400,300,true],"author_info":{"display_name":"Jessi Tasanko","author_link":"https:\/\/sites.utu.fi\/soihtu\/author\/jtojanutufi\/"},"comment_info":0,"category_info":[{"term_id":89,"name":"Opiskelijat","slug":"opiskelijat","term_group":0,"term_taxonomy_id":89,"taxonomy":"category","description":"","parent":0,"count":166,"filter":"raw","cat_ID":89,"category_count":166,"category_description":"","cat_name":"Opiskelijat","category_nicename":"opiskelijat","category_parent":0},{"term_id":119,"name":"Tutkimus ja opetus","slug":"tutkimus-ja-opetus","term_group":0,"term_taxonomy_id":119,"taxonomy":"category","description":"","parent":0,"count":410,"filter":"raw","cat_ID":119,"category_count":410,"category_description":"","cat_name":"Tutkimus ja opetus","category_nicename":"tutkimus-ja-opetus","category_parent":0}],"tag_info":[{"term_id":2353,"name":"Hiiskuttua","slug":"hiiskuttua","term_group":0,"term_taxonomy_id":2356,"taxonomy":"post_tag","description":"","parent":0,"count":971,"filter":"raw"},{"term_id":1899,"name":"ymp\u00e4rist\u00f6- ja merihistorian seminaari","slug":"ymparisto-ja-merihistorian-seminaari","term_group":0,"term_taxonomy_id":1902,"taxonomy":"post_tag","description":"","parent":0,"count":8,"filter":"raw"},{"term_id":1671,"name":"ymp\u00e4rist\u00f6historia","slug":"ymparistohistoria","term_group":0,"term_taxonomy_id":1674,"taxonomy":"post_tag","description":"","parent":0,"count":8,"filter":"raw"},{"term_id":1689,"name":"ymp\u00e4rist\u00f6nsuojelu","slug":"ymparistonsuojelu","term_group":0,"term_taxonomy_id":1692,"taxonomy":"post_tag","description":"","parent":0,"count":7,"filter":"raw"}],"pll_sync_post":[],"_links":{"self":[{"href":"https:\/\/sites.utu.fi\/soihtu\/wp-json\/wp\/v2\/posts\/8478","targetHints":{"allow":["GET"]}}],"collection":[{"href":"https:\/\/sites.utu.fi\/soihtu\/wp-json\/wp\/v2\/posts"}],"about":[{"href":"https:\/\/sites.utu.fi\/soihtu\/wp-json\/wp\/v2\/types\/post"}],"author":[{"embeddable":true,"href":"https:\/\/sites.utu.fi\/soihtu\/wp-json\/wp\/v2\/users\/3741"}],"replies":[{"embeddable":true,"href":"https:\/\/sites.utu.fi\/soihtu\/wp-json\/wp\/v2\/comments?post=8478"}],"version-history":[{"count":13,"href":"https:\/\/sites.utu.fi\/soihtu\/wp-json\/wp\/v2\/posts\/8478\/revisions"}],"predecessor-version":[{"id":8526,"href":"https:\/\/sites.utu.fi\/soihtu\/wp-json\/wp\/v2\/posts\/8478\/revisions\/8526"}],"wp:featuredmedia":[{"embeddable":true,"href":"https:\/\/sites.utu.fi\/soihtu\/wp-json\/wp\/v2\/media\/8508"}],"wp:attachment":[{"href":"https:\/\/sites.utu.fi\/soihtu\/wp-json\/wp\/v2\/media?parent=8478"}],"wp:term":[{"taxonomy":"category","embeddable":true,"href":"https:\/\/sites.utu.fi\/soihtu\/wp-json\/wp\/v2\/categories?post=8478"},{"taxonomy":"post_tag","embeddable":true,"href":"https:\/\/sites.utu.fi\/soihtu\/wp-json\/wp\/v2\/tags?post=8478"}],"curies":[{"name":"wp","href":"https:\/\/api.w.org\/{rel}","templated":true}]}}