{"id":9355,"date":"2023-11-22T12:30:19","date_gmt":"2023-11-22T10:30:19","guid":{"rendered":"https:\/\/sites.utu.fi\/hiiskuttua\/?p=9355"},"modified":"2023-11-22T12:28:46","modified_gmt":"2023-11-22T10:28:46","slug":"kotimaisen-kirjallisuuden-oppiaineen-vuosikirja-sanelma","status":"publish","type":"post","link":"https:\/\/sites.utu.fi\/soihtu\/kotimaisen-kirjallisuuden-oppiaineen-vuosikirja-sanelma\/","title":{"rendered":"Kotimaisen kirjallisuuden oppiaineen vuosikirja Sanelma"},"content":{"rendered":"<p><strong><em>Sanelma<\/em> on Turun yliopiston kotimaisen kirjallisuuden oppiaineen vuosikirja, jonka kirjoittajina toimivat kirjallisuusaineiden opiskelijat, tutkijat ja opetushenkil\u00f6kunta. Vuoden 2022 vuosikirja on ilmestynyt t\u00e4n\u00e4 syksyn\u00e4 v\u00e4it\u00f6skirjatutkijoiden Heidi Haapasalon ja Isla Parkkolan toimittamana. Kyseinen numero on vuodesta 1995 asti julkaistun <em>Sanelman<\/em> 27. vuosikerta.\u00a0\u00a0<\/strong><\/p>\n<p><em>Sanelma<\/em> on monipuolinen julkaisu, joka sis\u00e4lt\u00e4\u00e4 monenlaisia kirjoituksia erilaisista n\u00e4k\u00f6kulmista. Vuosikirjassa julkaistaan artikkeleita opintojen eri vaiheissa olevien opiskelijoiden opinn\u00e4ytet\u00f6ihin pohjautuen sek\u00e4 erilaisia esseit\u00e4, tutkimusesittelyj\u00e4, konferenssiraportteja ja arvioita tieteellisist\u00e4 ja kaunokirjallisista julkaisuista. Lis\u00e4ksi julkaistaan muita tekstej\u00e4, jotka k\u00e4sittelev\u00e4t ilmi\u00f6it\u00e4 ja tapahtumia kirjallisuustieteellisell\u00e4 kent\u00e4ll\u00e4 ja Turun yliopiston kirjallisuusaineissa. <em>Sanelman<\/em> hienous onkin, ett\u00e4 se kokoaa yhteen erilaisista l\u00e4ht\u00f6kohdista tulevien kirjoittajien tekstit yhteen kiinnostavaksi, kirjallisuudelle ja kirjallisuudentutkimukselle kunniaa tekev\u00e4ksi julkaisuksi.<\/p>\n<p>Vaikka kyse on vuosittaisesta ja perinteisest\u00e4 julkaisusta, joka vuosi <em>Sanelma<\/em> on toimittajiensa ja kirjoittajiensa n\u00e4k\u00f6inen ja uusiutuu samalla, kun my\u00f6s kirjallisuudentutkimus el\u00e4\u00e4 ja muuttuu. Eri vuosien <em>Sanelmia<\/em> lukemalla voikin n\u00e4hd\u00e4, miten kirjallisuudentutkimus ja Turun yliopiston kirjallisuusaineet ovat muuttuneet vuosien saatossa sek\u00e4 toisaalta millainen jatkumo vuosien v\u00e4lille muodostuu, vaikka aika kuluu ja niin tutkimus kuin maailmakin muuttuvat <em>Sanelman<\/em> ymp\u00e4rill\u00e4 ja sis\u00e4ll\u00e4.<\/p>\n<h2><strong><em>Sanelma<\/em> tuo n\u00e4k\u00f6kulmia ajankohtaisiin aiheisiin<\/strong><\/h2>\n<p>Opintojensa alkuvaiheessa oleville opiskelijoille <em>Sanelma<\/em> tarjoaa mahdollisuuden tutustua esimerkiksi siihen, millaisia opinn\u00e4ytet\u00f6it\u00e4 kotimaisen kirjallisuuden oppiaineessa tehd\u00e4\u00e4n. Samalla se voi antaa ideoita vaikkapa oman opinn\u00e4ytety\u00f6n suunnitteluun. Mahdollisille tuleville p\u00e4\u00e4- ja sivuaineopiskelijoille <em>Sanelma<\/em> voi puolestaan olla tapa tutustua kotimaisen kirjallisuuden oppiaineeseen hyvin konkreettisesta n\u00e4k\u00f6kulmasta. Muiden alojen opiskelijoille tai muuten kirjallisuudesta kiinnostuneille <em>Sanelma<\/em> on er\u00e4\u00e4nlainen pehme\u00e4, mutta asiantunteva kosketus siihen, millaisia kirjallisuudentutkimus ja kirjallisuusaineet juuri Turun yliopistossa ovat.\u202fT\u00e4rke\u00e4 osa lukijakuntaa ovat my\u00f6s Suomessa ja ulkomailla ty\u00f6skentelev\u00e4t suomen kielen ja kirjallisuuden opettajat, jotka ovat inspiroituneet <em>Sanelmasta<\/em>.<\/p>\n<figure id=\"attachment_9356\" aria-describedby=\"caption-attachment-9356\" style=\"width: 412px\" class=\"wp-caption alignright\"><img loading=\"lazy\" decoding=\"async\" class=\"size-large wp-image-9356\" src=\"https:\/\/sites.utu.fi\/hiiskuttua\/wp-content\/uploads\/sites\/107\/2023\/11\/Sanelma-kuva-412x300.jpg\" alt=\"Sanelma-vuosikirjan kansia viuhkana p\u00f6yd\u00e4ll\u00e4\" width=\"412\" height=\"300\" srcset=\"https:\/\/sites.utu.fi\/soihtu\/wp-content\/uploads\/sites\/107\/2023\/11\/Sanelma-kuva-412x300.jpg 412w, https:\/\/sites.utu.fi\/soihtu\/wp-content\/uploads\/sites\/107\/2023\/11\/Sanelma-kuva-360x262.jpg 360w, https:\/\/sites.utu.fi\/soihtu\/wp-content\/uploads\/sites\/107\/2023\/11\/Sanelma-kuva-768x559.jpg 768w, https:\/\/sites.utu.fi\/soihtu\/wp-content\/uploads\/sites\/107\/2023\/11\/Sanelma-kuva-1536x1118.jpg 1536w, https:\/\/sites.utu.fi\/soihtu\/wp-content\/uploads\/sites\/107\/2023\/11\/Sanelma-kuva-scaled.jpg 2048w, https:\/\/sites.utu.fi\/soihtu\/wp-content\/uploads\/sites\/107\/2023\/11\/Sanelma-kuva-228x166.jpg 228w\" sizes=\"auto, (max-width: 412px) 100vw, 412px\" \/><figcaption id=\"caption-attachment-9356\" class=\"wp-caption-text\">Uusimman Sanelman kannet on kuvittanut Pyry Ruonavaara. Kuva: Heidi Haapasalo.<\/figcaption><\/figure>\n<p><em>Sanelma<\/em> heijastelee my\u00f6s sit\u00e4, mik\u00e4 kirjallisuudentutkimuksen kent\u00e4ll\u00e4 on pinnalla t\u00e4ll\u00e4 hetkell\u00e4 ja mist\u00e4 niin opiskelijat kuin henkil\u00f6kunta ja tutkijatkin ovat kiinnostuneita. Viime vuosina <em>Sanelmassa<\/em> on kirjoitettu muun muassa luontoon, ei-inhimilliseen ja sukupuoleen liittyvist\u00e4 n\u00e4k\u00f6kulmista. N\u00e4m\u00e4 teemat ovat ajankohtaisia yhteiskunnassa muutenkin. T\u00e4m\u00e4 osoittaa, ett\u00e4 kirjallisuudentutkimus on tiukasti kiinni nykyajassa sek\u00e4 sen ongelmissa ja ymm\u00e4rt\u00e4misess\u00e4. Samalla kirjallisuudentutkimus tuo oman t\u00e4rke\u00e4n n\u00e4k\u00f6kulmansa yhteiskunnallisiinkin aiheisiin.<\/p>\n<p>Kirjallisuuteen ja kirjallisuudentutkimukseen painottuvan sis\u00e4ll\u00f6n ohella <em>Sanelma<\/em> on visuaalisesti kaunis julkaisu, josta v\u00e4littyy tekij\u00f6idens\u00e4 intohimo kirjallisuutta kohtaan. <em>Sanelma<\/em> ilmestyy kerran vuodessa painettuna julkaisuna ja lis\u00e4ksi sit\u00e4 p\u00e4\u00e4see lukemaan yliopiston <a style=\"font-size: 1rem; background-color: #ffffff;\" href=\"https:\/\/www.utu.fi\/fi\/yliopisto\/humanistinen-tiedekunta\/kotimainen-kirjallisuus\/sanelma\" target=\"_blank\" rel=\"noopener\">sivuilla<\/a><span style=\"font-size: 1rem;\">.<\/span><\/p>\n<p><em>Kirjoittaja on kotimaisen kirjallisuuden opiskelija ja yksi uusimman Sanelman kirjoittajista.<\/em><\/p>\n","protected":false},"excerpt":{"rendered":"<p>Sanelma on Turun yliopiston kotimaisen kirjallisuuden oppiaineen vuosikirja, jonka kirjoittajina toimivat kirjallisuusaineiden opiskelijat, tutkijat ja opetushenkil\u00f6kunta. Vuoden 2022 vuosikirja on ilmestynyt t\u00e4n\u00e4 syksyn\u00e4 v\u00e4it\u00f6skirjatutkijoiden Heidi Haapasalon ja Isla Parkkolan toimittamana. Kyseinen numero on vuodesta 1995 asti julkaistun Sanelman 27. vuosikerta.\u00a0\u00a0&#8230;<\/p>\n","protected":false},"author":4042,"featured_media":9356,"comment_status":"closed","ping_status":"closed","sticky":false,"template":"","format":"standard","meta":{"_acf_changed":false,"_kad_blocks_custom_css":"","_kad_blocks_head_custom_js":"","_kad_blocks_body_custom_js":"","_kad_blocks_footer_custom_js":"","_kad_post_transparent":"","_kad_post_title":"","_kad_post_layout":"","_kad_post_sidebar_id":"","_kad_post_content_style":"","_kad_post_vertical_padding":"","_kad_post_feature":"","_kad_post_feature_position":"","_kad_post_header":false,"_kad_post_footer":false,"_kad_post_classname":"","wds_primary_category":0,"footnotes":""},"categories":[53,59,89,119],"tags":[2353,845,2365],"class_list":["post-9355","post","type-post","status-publish","format-standard","has-post-thumbnail","hentry","category-ajankohtaista","category-henkilokunta","category-opiskelijat","category-tutkimus-ja-opetus","tag-hiiskuttua","tag-kirjallisuudentutkimus","tag-sanelma"],"acf":[],"lang":"fi","translations":{"fi":9355},"taxonomy_info":{"category":[{"value":53,"label":"Ajankohtaista"},{"value":59,"label":"Henkil\u00f6kunta"},{"value":89,"label":"Opiskelijat"},{"value":119,"label":"Tutkimus ja opetus"}],"post_tag":[{"value":2353,"label":"Hiiskuttua"},{"value":845,"label":"kirjallisuudentutkimus"},{"value":2365,"label":"Sanelma"}]},"featured_image_src_large":["https:\/\/sites.utu.fi\/soihtu\/wp-content\/uploads\/sites\/107\/2023\/11\/Sanelma-kuva-412x300.jpg",412,300,true],"author_info":{"display_name":"Matilda Kirvel\u00e4","author_link":"https:\/\/sites.utu.fi\/soihtu\/author\/minergutufi\/"},"comment_info":0,"category_info":[{"term_id":53,"name":"Ajankohtaista","slug":"ajankohtaista","term_group":0,"term_taxonomy_id":53,"taxonomy":"category","description":"","parent":0,"count":161,"filter":"raw","cat_ID":53,"category_count":161,"category_description":"","cat_name":"Ajankohtaista","category_nicename":"ajankohtaista","category_parent":0},{"term_id":59,"name":"Henkil\u00f6kunta","slug":"henkilokunta","term_group":0,"term_taxonomy_id":59,"taxonomy":"category","description":"","parent":0,"count":105,"filter":"raw","cat_ID":59,"category_count":105,"category_description":"","cat_name":"Henkil\u00f6kunta","category_nicename":"henkilokunta","category_parent":0},{"term_id":89,"name":"Opiskelijat","slug":"opiskelijat","term_group":0,"term_taxonomy_id":89,"taxonomy":"category","description":"","parent":0,"count":166,"filter":"raw","cat_ID":89,"category_count":166,"category_description":"","cat_name":"Opiskelijat","category_nicename":"opiskelijat","category_parent":0},{"term_id":119,"name":"Tutkimus ja opetus","slug":"tutkimus-ja-opetus","term_group":0,"term_taxonomy_id":119,"taxonomy":"category","description":"","parent":0,"count":410,"filter":"raw","cat_ID":119,"category_count":410,"category_description":"","cat_name":"Tutkimus ja opetus","category_nicename":"tutkimus-ja-opetus","category_parent":0}],"tag_info":[{"term_id":2353,"name":"Hiiskuttua","slug":"hiiskuttua","term_group":0,"term_taxonomy_id":2356,"taxonomy":"post_tag","description":"","parent":0,"count":971,"filter":"raw"},{"term_id":845,"name":"kirjallisuudentutkimus","slug":"kirjallisuudentutkimus","term_group":0,"term_taxonomy_id":848,"taxonomy":"post_tag","description":"","parent":0,"count":3,"filter":"raw"},{"term_id":2365,"name":"Sanelma","slug":"sanelma","term_group":0,"term_taxonomy_id":2368,"taxonomy":"post_tag","description":"","parent":0,"count":1,"filter":"raw"}],"pll_sync_post":[],"_links":{"self":[{"href":"https:\/\/sites.utu.fi\/soihtu\/wp-json\/wp\/v2\/posts\/9355","targetHints":{"allow":["GET"]}}],"collection":[{"href":"https:\/\/sites.utu.fi\/soihtu\/wp-json\/wp\/v2\/posts"}],"about":[{"href":"https:\/\/sites.utu.fi\/soihtu\/wp-json\/wp\/v2\/types\/post"}],"author":[{"embeddable":true,"href":"https:\/\/sites.utu.fi\/soihtu\/wp-json\/wp\/v2\/users\/4042"}],"replies":[{"embeddable":true,"href":"https:\/\/sites.utu.fi\/soihtu\/wp-json\/wp\/v2\/comments?post=9355"}],"version-history":[{"count":5,"href":"https:\/\/sites.utu.fi\/soihtu\/wp-json\/wp\/v2\/posts\/9355\/revisions"}],"predecessor-version":[{"id":9361,"href":"https:\/\/sites.utu.fi\/soihtu\/wp-json\/wp\/v2\/posts\/9355\/revisions\/9361"}],"wp:featuredmedia":[{"embeddable":true,"href":"https:\/\/sites.utu.fi\/soihtu\/wp-json\/wp\/v2\/media\/9356"}],"wp:attachment":[{"href":"https:\/\/sites.utu.fi\/soihtu\/wp-json\/wp\/v2\/media?parent=9355"}],"wp:term":[{"taxonomy":"category","embeddable":true,"href":"https:\/\/sites.utu.fi\/soihtu\/wp-json\/wp\/v2\/categories?post=9355"},{"taxonomy":"post_tag","embeddable":true,"href":"https:\/\/sites.utu.fi\/soihtu\/wp-json\/wp\/v2\/tags?post=9355"}],"curies":[{"name":"wp","href":"https:\/\/api.w.org\/{rel}","templated":true}]}}