{"id":9408,"date":"2023-12-19T10:46:12","date_gmt":"2023-12-19T08:46:12","guid":{"rendered":"https:\/\/sites.utu.fi\/hiiskuttua\/?p=9408"},"modified":"2023-12-19T10:47:32","modified_gmt":"2023-12-19T08:47:32","slug":"faniuden-ytimessa-vivahteikkaita-nakokulmia-fanitutkimukseen","status":"publish","type":"post","link":"https:\/\/sites.utu.fi\/soihtu\/faniuden-ytimessa-vivahteikkaita-nakokulmia-fanitutkimukseen\/","title":{"rendered":"Faniuden ytimess\u00e4 \u2013 vivahteikkaita n\u00e4k\u00f6kulmia fanitutkimukseen"},"content":{"rendered":"<p><strong>IIPC:n ja INTERACT-tutkimusprojektin 3.11.2023 j\u00e4rjest\u00e4m\u00e4ss\u00e4 Politics of Fandom -seminaarissa k\u00e4siteltiin fanien toimijuutta ja faniyhteis\u00f6jen poliittisia ulottuvuuksia. Seminaari osoitti, ett\u00e4 fanius ja etenkin fanifiktio tarjoavat tiloja my\u00f6s valtavirrasta poikkeavien narratiivien tarkasteluun.<\/strong><\/p>\n<p>Monitieteist\u00e4 populaarikulttuurin tutkimusta edist\u00e4v\u00e4 International Institute for Popular Culture (IIPC) sek\u00e4 Koneen S\u00e4\u00e4ti\u00f6n rahoittama ja yliopistonlehtori<strong> Kaisa Ilmosen <\/strong>johtama tutkimusprojekti <em>Intersectional Reading, Social Justice, and Literary Activism<\/em> (INTERACT) j\u00e4rjestiv\u00e4t 3.11.2023 Turun yliopistossa fanitutkimuksen Politics of Fandom -seminaarin. P\u00e4iv\u00e4n keskeisi\u00e4 teemoja olivat fanien toimijuus, poliittinen vaikuttaminen, affektiivisuus ja fanius vastarintana.<\/p>\n<p>Calonian seminaarisali t\u00e4yttyi my\u00f6h\u00e4issyksyisen\u00e4 iltap\u00e4iv\u00e4n\u00e4 fanitutkimuksesta kiinnostuneista. Mediatutkimuksen yliopistonlehtori <strong>Mari Pajala<\/strong> avasi seminaarin nostamalla esiin fanien vaikuttamismahdollisuuksia ja aktivismia valottavan #FreeBritney-kampanjan, jonka voi n\u00e4hd\u00e4 johtaneen pop-laulaja Britney Spearsin 13 vuotta kest\u00e4neen holhouksen p\u00e4\u00e4ttymiseen. H\u00e4n nosti esille my\u00f6s toisen, Black Lives Matter -liikkeeseen liittyneen tapauksen, jossa Dallasin poliisilaitos pyysi iWatch Dallas -sovelluksen k\u00e4ytt\u00e4ji\u00e4 julkaisemaan kuvia ja videoita Black Lives Matter -mielenosoittajista. Korealaisen BTS-yhtyeen fanit, BTS ARMY, suojelivat mielenosoittajia hukuttamalla sovelluksen muihin kuviin. Lopuksi sovellus kaatui t\u00e4ysin.<\/p>\n<figure id=\"attachment_9410\" aria-describedby=\"caption-attachment-9410\" style=\"width: 549px\" class=\"wp-caption aligncenter\"><img loading=\"lazy\" decoding=\"async\" class=\"wp-image-9410\" src=\"https:\/\/sites.utu.fi\/hiiskuttua\/wp-content\/uploads\/sites\/107\/2023\/12\/kuva1.jpeg\" alt=\"K-pop-faneja Pariisin vuoden 2016 KCON-konsertissa.\" width=\"549\" height=\"355\" srcset=\"https:\/\/sites.utu.fi\/soihtu\/wp-content\/uploads\/sites\/107\/2023\/12\/kuva1.jpeg 2048w, https:\/\/sites.utu.fi\/soihtu\/wp-content\/uploads\/sites\/107\/2023\/12\/kuva1-360x233.jpeg 360w, https:\/\/sites.utu.fi\/soihtu\/wp-content\/uploads\/sites\/107\/2023\/12\/kuva1-464x300.jpeg 464w, https:\/\/sites.utu.fi\/soihtu\/wp-content\/uploads\/sites\/107\/2023\/12\/kuva1-768x497.jpeg 768w, https:\/\/sites.utu.fi\/soihtu\/wp-content\/uploads\/sites\/107\/2023\/12\/kuva1-1536x993.jpeg 1536w, https:\/\/sites.utu.fi\/soihtu\/wp-content\/uploads\/sites\/107\/2023\/12\/kuva1-228x147.jpeg 228w, https:\/\/sites.utu.fi\/soihtu\/wp-content\/uploads\/sites\/107\/2023\/12\/kuva1-14x8.jpeg 14w\" sizes=\"auto, (max-width: 549px) 100vw, 549px\" \/><figcaption id=\"caption-attachment-9410\" class=\"wp-caption-text\">K-pop-faneja Pariisin vuoden 2016 KCON-konsertissa. Kuva: Republic of Korea \/ <a href=\"https:\/\/flic.kr\/p\/H2fDZt\">KOREA.NET<\/a> \/ CC BY-SA 2.0 Deed.<\/figcaption><\/figure>\n<p>Faniyhteistoimivat usein eritt\u00e4in j\u00e4rjest\u00e4ytyneesti, ja niiden hyrskyist\u00e4 kumpuaa monia vaikuttamisen muotoja \u2013 toisinaan poliittisia. Fanius n\u00e4kyy yh\u00e4 yleistyneemp\u00e4n\u00e4 suhtautumistapana eri asioita ja mediatuotteita kohtaan. Mink\u00e4laisista n\u00e4k\u00f6kulmista k\u00e4sin fanien vaikuttamismahdollisuuksia ja eri faniyhteis\u00f6jen poliittisia ulottuvuuksia sitten voi tarkastella?<\/p>\n<h2>Fanius lis\u00e4\u00e4 kulttuurista ymm\u00e4rt\u00e4mist\u00e4<\/h2>\n<p>Helsingin yliopistossa Euroviisuja politiikan ja faniuden n\u00e4k\u00f6kulmasta tutkiva <strong>Zo\u00eb <\/strong><strong>Jay<\/strong> esitelm\u00f6i ensimm\u00e4isen\u00e4 otsikolla \u201cVernacular Spectacular: Eurovision Fans and the Everyday Politics of Cultural Diplomacy\u201d. Jay tutkii Euroviisuja ja euroviisufaniutta muun muassa kulttuurisen diplomatian muotona. Fanit saattavat harjoitella kieli\u00e4 viisulaulujen inspiroimina tai tutustua tapahtumaa is\u00e4nn\u00f6iv\u00e4n maan kulttuuriin esimerkiksi opettelemalla valmistamaan maan kansallisruokia.<\/p>\n<p>Etenkin kysymykset kansallisesta identiteetist\u00e4, tapahtuman poliittisuudesta ja diplomatian rajoista ovat kiintoisia. Ovatko Euroviisut poliittinen tapahtuma vai eskapismin muoto, joka nimenomaan halutaan pit\u00e4\u00e4 erossa politiikasta? Jayn aikomus on Ruotsissa ensi vuonna pidett\u00e4vien Euroviisujen yhteydess\u00e4 haastatella viisufaneja paikan p\u00e4\u00e4ll\u00e4 ja selvitt\u00e4\u00e4, kuinka fanit itse puhuvat Euroviisuihin kytkeytyvist\u00e4 poliittisista ulottuvuuksista.<\/p>\n<h2><strong>Tekijyys \u2013 kenell\u00e4 on valtaa? <\/strong><\/h2>\n<p>Seuraava esitelm\u00e4 johdatteli kuuntelijat supersankarihahmojen, kehonrakentaja-auteur-elokuvaohjaajien ja hypermaskuliinisuuden pariin. Filosofian tohtori <strong>Janne Salminen<\/strong> Helsingin yliopistosta tutki v\u00e4it\u00f6skirjassaan suurten Hollywood-elokuvasarjojen sukupuolinarratiiveja. Esitelm\u00e4ss\u00e4\u00e4n \u201cGiving Fans what they Want: Zack Snyder\u2019s Justice League and the Rise of Hypermasculine Auteur\u201d h\u00e4n tarkasteli fanien median kuluttamiseen kohdistuvia vaatimuksia. Salmisen esitelm\u00e4 sai minut pohtimaan muun muassa sit\u00e4, tulisiko tuottajien ja viihdeyritysten taipua fanien vaatimuksiin ja tarjota faneille ainoastaan sit\u00e4, mit\u00e4 fanit itse toivovat. Mik\u00e4 rooli tekij\u00e4n visiolla on t\u00e4ss\u00e4 yht\u00e4l\u00f6ss\u00e4? Salminen nosti keskustelun aiheeksi my\u00f6s hypermaskuliinisuuden ideaalin: hyvinkin essentialistiset ajatukset sukupuolista saattavat edelleenkin vaikuttaa sarjakuva- ja supersankarifanien keskuudessa.<\/p>\n<figure id=\"attachment_9412\" aria-describedby=\"caption-attachment-9412\" style=\"width: 421px\" class=\"wp-caption alignright\"><img loading=\"lazy\" decoding=\"async\" class=\"wp-image-9412\" src=\"https:\/\/sites.utu.fi\/hiiskuttua\/wp-content\/uploads\/sites\/107\/2023\/12\/kuva2.jpeg\" alt=\"K-pop-faneja Pariisin vuoden 2016 KCON-konsertissa.\" width=\"421\" height=\"562\" srcset=\"https:\/\/sites.utu.fi\/soihtu\/wp-content\/uploads\/sites\/107\/2023\/12\/kuva2.jpeg 1536w, https:\/\/sites.utu.fi\/soihtu\/wp-content\/uploads\/sites\/107\/2023\/12\/kuva2-225x300.jpeg 225w, https:\/\/sites.utu.fi\/soihtu\/wp-content\/uploads\/sites\/107\/2023\/12\/kuva2-768x1024.jpeg 768w, https:\/\/sites.utu.fi\/soihtu\/wp-content\/uploads\/sites\/107\/2023\/12\/kuva2-1152x1536.jpeg 1152w, https:\/\/sites.utu.fi\/soihtu\/wp-content\/uploads\/sites\/107\/2023\/12\/kuva2-171x228.jpeg 171w\" sizes=\"auto, (max-width: 421px) 100vw, 421px\" \/><figcaption id=\"caption-attachment-9412\" class=\"wp-caption-text\">Zack Snyder\u2019s Justice League (2021) -elokuvan juliste. Kuva: <a href=\"https:\/\/flic.kr\/p\/2n6RsVj\">Brecht Bug<\/a> \/ CC BY-NC-ND 2.0 Deed.<\/figcaption><\/figure>\n<p>Z\u00fcrichin yliopiston v\u00e4it\u00f6skirjatutkija <strong>Fabienne Silberstein-Bamford<\/strong><strong>in <\/strong>esitelm\u00e4 \u201cNegotiating Boundaries of Authority in Fanfiction Communities\u201d johdatteli kuuntelijat fanifiktion tarjoamiin todellisuuksiin. Mediatutkija ja faneja laajalti tutkinut <strong>Matt Hills<\/strong> on kutsunut fanien suhtautumista mediateksteihin affektiiviseksi leikiksi. Fanit leikkiv\u00e4t eri sis\u00e4ll\u00f6ill\u00e4, rakentavat normeja ja neuvottelevat rajoja. Silberstein-Bamfordin esitelm\u00e4 valotti sit\u00e4, miten fanifiktio on saanut sek\u00e4 teoreetikot ett\u00e4 fanit pohtimaan uudelleen etenkin tekijyyden rajanvetoja. Kenelle jokin tarina oikeastaan kuuluu, jos kuka tahansa voi osallistua sen kertomiseen? Mink\u00e4laisia oikeuksia alkuper\u00e4isell\u00e4 tekij\u00e4ll\u00e4 on maailmassa, jossa mediayleis\u00f6t voivat muokata ja personoida teoksia omien mieltymystens\u00e4 perusteella.<\/p>\n<p>Kiinalaisen BL-fiktion (Boys\u2019 Love) faneja tarkastelevan Turun yliopiston v\u00e4it\u00f6skirjatutkija <strong>Lin Zhangin <\/strong>esitelm\u00e4n \u201cRecalibration Resistance: Everyday Resistance of Boys\u2019 Love Fans in China\u201d aiheena oli BL-fanius vastarinnan muotona. Miesten v\u00e4list\u00e4 rakkautta ja erotiikkaa kuvaavan BL-fiktion faniyhteis\u00f6iss\u00e4 syntyy Zhangin mukaan tiloja sosiaalisesti marginalisoiduille ryhmille. Kiinan sensuurik\u00e4yt\u00e4nt\u00f6jen ja \u201cpornonvastaisten\u201d kampanjoiden my\u00f6t\u00e4 BL:n tuottajat ja fanit joutuvat jatkuvasti etsim\u00e4\u00e4n uusia alustoja, joissa jakaa ja lukea BL-fiktiota. Vaikutusvaltaiset kaupalliset tahot pyrkiv\u00e4t sulauttamaan pienempi\u00e4 BL-yhteis\u00f6j\u00e4 itseens\u00e4, ja samalla BL:n queerluonne sek\u00e4 -elementit h\u00e4vi\u00e4v\u00e4t. Zhangin mukaan mutkikas sensuurint\u00e4yteinen kentt\u00e4 j\u00e4tt\u00e4\u00e4 kuitenkin faneille my\u00f6s vastustamisen mahdollisuuksia. Fanit saattavat muun muassa jakaa BL-sis\u00e4lt\u00f6j\u00e4 ulkoisten linkkien muodossa. Sensuuria on vastustettu niin ik\u00e4\u00e4n sosiaalisen median kampanjoilla ja protestein.<\/p>\n<h2><strong>Pyykk\u00e4yst\u00e4 ja emootioita<\/strong><\/h2>\n<p>Helsingin yliopiston v\u00e4it\u00f6skirjatutkija <strong>Eija Niskasen <\/strong>esitelm\u00e4 \u201cWorking Fan \u2013 The Parasocial Relationship Between Artist and Audience in K-pop\u201d pureutui kysymyksiin korealaisen popmusiikin fanien toimijuudesta. Niskasen mukaan k-pop-idolien ja fanien v\u00e4lille pyrit\u00e4\u00e4n luomaan suhde, jossa fani toimii viihteen kuluttajana, mutta saattaa my\u00f6s tehd\u00e4 idolin suosiota tukevaa ty\u00f6t\u00e4. Fanit toimivat promoottoreina, \u00e4\u00e4nest\u00e4v\u00e4t suosikkejaan fani\u00e4\u00e4nestyksiss\u00e4 ja k\u00e4\u00e4nt\u00e4v\u00e4t reaaliajassa korealaisia sis\u00e4lt\u00f6j\u00e4 englanniksi. Kyseist\u00e4 emotionaalista sidett\u00e4 faneihinsa on vaalinut etenkin huippusuositun BTS-ryhm\u00e4n nuorin j\u00e4sen, Jungkook, joka kotoaan striimatuissa intiimeiss\u00e4 livel\u00e4hetyksiss\u00e4 on laulanut faneilleen karaokea pikkutunteihin saakka, nukahtanut ja \u2013 t\u00e4m\u00e4 ansaitsi seminaariyleis\u00f6lt\u00e4 huvittuneita hym\u00e4hdyksi\u00e4 \u2013 taitellut pyykkej\u00e4\u00e4n.<\/p>\n<figure id=\"attachment_9411\" aria-describedby=\"caption-attachment-9411\" style=\"width: 606px\" class=\"wp-caption aligncenter\"><img loading=\"lazy\" decoding=\"async\" class=\"wp-image-9411\" src=\"https:\/\/sites.utu.fi\/hiiskuttua\/wp-content\/uploads\/sites\/107\/2023\/12\/kuva3.jpeg\" alt=\"BTS-ryhm\u00e4n j\u00e4senet vierailivat syksyll\u00e4 2021 Korean Cultural Center New Yorkissa.\" width=\"606\" height=\"402\" srcset=\"https:\/\/sites.utu.fi\/soihtu\/wp-content\/uploads\/sites\/107\/2023\/12\/kuva3.jpeg 1323w, https:\/\/sites.utu.fi\/soihtu\/wp-content\/uploads\/sites\/107\/2023\/12\/kuva3-360x239.jpeg 360w, https:\/\/sites.utu.fi\/soihtu\/wp-content\/uploads\/sites\/107\/2023\/12\/kuva3-453x300.jpeg 453w, https:\/\/sites.utu.fi\/soihtu\/wp-content\/uploads\/sites\/107\/2023\/12\/kuva3-768x509.jpeg 768w, https:\/\/sites.utu.fi\/soihtu\/wp-content\/uploads\/sites\/107\/2023\/12\/kuva3-228x151.jpeg 228w, https:\/\/sites.utu.fi\/soihtu\/wp-content\/uploads\/sites\/107\/2023\/12\/kuva3-14x8.jpeg 14w\" sizes=\"auto, (max-width: 606px) 100vw, 606px\" \/><figcaption id=\"caption-attachment-9411\" class=\"wp-caption-text\">BTS-ryhm\u00e4n j\u00e4senet vierailivat syksyll\u00e4 2021 Korean Cultural Center New Yorkissa. Kuva: Republic of Korea \/ <a href=\"https:\/\/flic.kr\/p\/2mtohxu\">KOREA.NET<\/a> \/ CC BY-NC-SA 2.0 Deed.\u00a0Kuvaa rajattu<\/figcaption><\/figure>\n<p>Esitelmien valossa voi todeta, ett\u00e4 vahvat tunteet ja kiintymys faniuden kohteisiin suuntaavat fanien toimintaa. Fanius johtanee usein aktivismiin ja poliittisiin kannanottoihin, sill\u00e4 suuret faniyhteis\u00f6t saattavat organisoituessaan olla hyvinkin vaikutusvaltaisia. Fanius ja etenkin fanifiktio tarjoavat tiloja valtavirrasta eroavien narratiivien tarkasteluun. Fanifiktio voi siis olla arvokas ty\u00f6kalu muun muassa seksuaali- ja sukupuoliv\u00e4hemmist\u00f6ille, joiden kokemukset eiv\u00e4t v\u00e4ltt\u00e4m\u00e4tt\u00e4 tule huomatuiksi valtavirtamediassa. Kuten Pajala totesi fanitutkimuksen uranuurtajaan <strong>Henry Jenkinsiin<\/strong> viitaten, faniyhteis\u00f6iss\u00e4 rakentuu kokonaisia omia kulttuureja. N\u00e4in ollen faniuden tutkiminen tarjoaa arvokkaita pilkahduksia kulttuuriseen toimintaan, ihmisyyteen ja siihen, mik\u00e4 koskettaa monia ja saa ihmiset liikkeelle.<\/p>\n<p><em>Kirjoittaja on mediatutkimuksen opiskelija, joka tarkastelee pro gradu -tutkielmassaan korealaisen BTS-yhtyeen fanittamisen tarjoamia ulottuvuuksia.<\/em><\/p>\n","protected":false},"excerpt":{"rendered":"<p>IIPC:n ja INTERACT-tutkimusprojektin 3.11.2023 j\u00e4rjest\u00e4m\u00e4ss\u00e4 Politics of Fandom -seminaarissa k\u00e4siteltiin fanien toimijuutta ja faniyhteis\u00f6jen poliittisia ulottuvuuksia. Seminaari osoitti, ett\u00e4 fanius ja etenkin fanifiktio tarjoavat tiloja my\u00f6s valtavirrasta poikkeavien narratiivien tarkasteluun. Monitieteist\u00e4 populaarikulttuurin tutkimusta edist\u00e4v\u00e4 International Institute for Popular Culture (IIPC)&#8230;<\/p>\n","protected":false},"author":4042,"featured_media":9410,"comment_status":"closed","ping_status":"closed","sticky":false,"template":"","format":"standard","meta":{"_acf_changed":false,"_kad_blocks_custom_css":"","_kad_blocks_head_custom_js":"","_kad_blocks_body_custom_js":"","_kad_blocks_footer_custom_js":"","_kad_post_transparent":"","_kad_post_title":"","_kad_post_layout":"","_kad_post_sidebar_id":"","_kad_post_content_style":"","_kad_post_vertical_padding":"","_kad_post_feature":"","_kad_post_feature_position":"","_kad_post_header":false,"_kad_post_footer":false,"_kad_post_classname":"","wds_primary_category":0,"footnotes":""},"categories":[2275,113,119],"tags":[2375,2353,776],"class_list":["post-9408","post","type-post","status-publish","format-standard","has-post-thumbnail","hentry","category-hankkeet","category-tapahtumat","category-tutkimus-ja-opetus","tag-fanitutkimus","tag-hiiskuttua","tag-populaarikulttuuri"],"acf":[],"lang":"fi","translations":{"fi":9408},"taxonomy_info":{"category":[{"value":2275,"label":"Hankkeet"},{"value":113,"label":"Tapahtumat"},{"value":119,"label":"Tutkimus ja opetus"}],"post_tag":[{"value":2375,"label":"fanitutkimus"},{"value":2353,"label":"Hiiskuttua"},{"value":776,"label":"populaarikulttuuri"}]},"featured_image_src_large":["https:\/\/sites.utu.fi\/soihtu\/wp-content\/uploads\/sites\/107\/2023\/12\/kuva1-464x300.jpeg",464,300,true],"author_info":{"display_name":"Alisa Helenius","author_link":"https:\/\/sites.utu.fi\/soihtu\/author\/minergutufi\/"},"comment_info":0,"category_info":[{"term_id":2275,"name":"Hankkeet","slug":"hankkeet","term_group":0,"term_taxonomy_id":2278,"taxonomy":"category","description":"","parent":0,"count":26,"filter":"raw","cat_ID":2275,"category_count":26,"category_description":"","cat_name":"Hankkeet","category_nicename":"hankkeet","category_parent":0},{"term_id":113,"name":"Tapahtumat","slug":"tapahtumat","term_group":0,"term_taxonomy_id":113,"taxonomy":"category","description":"","parent":0,"count":180,"filter":"raw","cat_ID":113,"category_count":180,"category_description":"","cat_name":"Tapahtumat","category_nicename":"tapahtumat","category_parent":0},{"term_id":119,"name":"Tutkimus ja opetus","slug":"tutkimus-ja-opetus","term_group":0,"term_taxonomy_id":119,"taxonomy":"category","description":"","parent":0,"count":410,"filter":"raw","cat_ID":119,"category_count":410,"category_description":"","cat_name":"Tutkimus ja opetus","category_nicename":"tutkimus-ja-opetus","category_parent":0}],"tag_info":[{"term_id":2375,"name":"fanitutkimus","slug":"fanitutkimus","term_group":0,"term_taxonomy_id":2378,"taxonomy":"post_tag","description":"","parent":0,"count":1,"filter":"raw"},{"term_id":2353,"name":"Hiiskuttua","slug":"hiiskuttua","term_group":0,"term_taxonomy_id":2356,"taxonomy":"post_tag","description":"","parent":0,"count":971,"filter":"raw"},{"term_id":776,"name":"populaarikulttuuri","slug":"populaarikulttuuri","term_group":0,"term_taxonomy_id":773,"taxonomy":"post_tag","description":"","parent":0,"count":2,"filter":"raw"}],"pll_sync_post":[],"_links":{"self":[{"href":"https:\/\/sites.utu.fi\/soihtu\/wp-json\/wp\/v2\/posts\/9408","targetHints":{"allow":["GET"]}}],"collection":[{"href":"https:\/\/sites.utu.fi\/soihtu\/wp-json\/wp\/v2\/posts"}],"about":[{"href":"https:\/\/sites.utu.fi\/soihtu\/wp-json\/wp\/v2\/types\/post"}],"author":[{"embeddable":true,"href":"https:\/\/sites.utu.fi\/soihtu\/wp-json\/wp\/v2\/users\/4042"}],"replies":[{"embeddable":true,"href":"https:\/\/sites.utu.fi\/soihtu\/wp-json\/wp\/v2\/comments?post=9408"}],"version-history":[{"count":7,"href":"https:\/\/sites.utu.fi\/soihtu\/wp-json\/wp\/v2\/posts\/9408\/revisions"}],"predecessor-version":[{"id":9418,"href":"https:\/\/sites.utu.fi\/soihtu\/wp-json\/wp\/v2\/posts\/9408\/revisions\/9418"}],"wp:featuredmedia":[{"embeddable":true,"href":"https:\/\/sites.utu.fi\/soihtu\/wp-json\/wp\/v2\/media\/9410"}],"wp:attachment":[{"href":"https:\/\/sites.utu.fi\/soihtu\/wp-json\/wp\/v2\/media?parent=9408"}],"wp:term":[{"taxonomy":"category","embeddable":true,"href":"https:\/\/sites.utu.fi\/soihtu\/wp-json\/wp\/v2\/categories?post=9408"},{"taxonomy":"post_tag","embeddable":true,"href":"https:\/\/sites.utu.fi\/soihtu\/wp-json\/wp\/v2\/tags?post=9408"}],"curies":[{"name":"wp","href":"https:\/\/api.w.org\/{rel}","templated":true}]}}