{"id":9549,"date":"2024-02-29T08:04:07","date_gmt":"2024-02-29T06:04:07","guid":{"rendered":"https:\/\/sites.utu.fi\/hiiskuttua\/?p=9549"},"modified":"2024-02-28T16:34:16","modified_gmt":"2024-02-28T14:34:16","slug":"tekoalya-ja-teknologiaa-taydennyskoulutusta-kielten-opettajille","status":"publish","type":"post","link":"https:\/\/sites.utu.fi\/soihtu\/tekoalya-ja-teknologiaa-taydennyskoulutusta-kielten-opettajille\/","title":{"rendered":"Teko\u00e4ly\u00e4 ja teknologiaa \u2013 t\u00e4ydennyskoulutusta kielten opettajille\u00a0"},"content":{"rendered":"<p><strong>Kieli- ja k\u00e4\u00e4nn\u00f6stieteiden laitoksella on k\u00e4ynniss\u00e4 Opetushallituksen rahoittama t\u00e4ydennyskoulutus \u00c4ly\u00e4 teko\u00e4lyyn \u2013 mielek\u00e4st\u00e4 teknologiapedagogiikkaa kielten opetukseen (\u00c4lyTeKO). Koulutus on her\u00e4tt\u00e4nyt paljon kiinnostusta, sill\u00e4 siin\u00e4 on mukana l\u00e4hes 130 opettajaa ja koulutusalan toimijaa eri puolilta Suomea.\u00a0<\/strong><\/p>\n<p><span data-contrast=\"auto\">T\u00e4n\u00e4 lukuvuonna j\u00e4rjestett\u00e4v\u00e4 teknologiateemainen t\u00e4ydennyskoulutus<\/span> <span data-contrast=\"auto\">on uusin lis\u00e4ys Turun yliopiston kieli- ja k\u00e4\u00e4nn\u00f6stieteiden laitoksen j\u00e4rjest\u00e4miin ja Opetushallituksen rahoittamiin t\u00e4ydennyskoulutuksiin kieltenopettajille. Aiempien vuosien t\u00e4ydennyskoulutusten teemoja ovat olleet <\/span><i><span data-contrast=\"auto\">Vauhtia ja virikkeit\u00e4 varhennettuun kielten opetukseen<\/span><\/i><span data-contrast=\"auto\"> (2019\u20132020), <\/span><i><span data-contrast=\"auto\">Kieli\u00e4 ik\u00e4 kaikki<\/span><\/i><span data-contrast=\"auto\"> (2020\u20132022) ja <\/span><i><span data-contrast=\"auto\">Sujuvuutta suulliseen kielitaitoon<\/span><\/i><span data-contrast=\"auto\"> (2022\u20132023). K\u00e4ynniss\u00e4 oleva t\u00e4ydennyskoulutus keskittyy kielten oppimista ja opettamista tukeviin teknologisiin ratkaisuihin ja opettajien teknologiapedagogisten taitojen kehitt\u00e4miseen.<\/span><span data-ccp-props=\"{&quot;335551550&quot;:6,&quot;335551620&quot;:6}\">\u00a0<\/span><\/p>\n<h2>Teknologiataitojen kehitt\u00e4minen kiinnostaa kielten opettajia<\/h2>\n<p><span data-contrast=\"auto\">Tietokoneet, mobiililaitteet ja kaikenlaiset teknologiset apuv\u00e4lineet ovat osa arkeamme, koulumaailma mukaan lukien. Etenkin teko\u00e4lyn mahdollisuudet ja uhat ovat puhuttaneet t\u00e4n\u00e4 vuonna ChatGPT:n kaltaisten kielimallien noustua uutisotsikoihin. Koulutuksen ilmoittautumislomakkeella ker\u00e4tyist\u00e4 kommenteista k\u00e4vi ilmi, ett\u00e4 juuri teko\u00e4lypohjaisten sovellusten nopea kehittyminen mietitytt\u00e4\u00e4 monia kieltenopettajia. T\u00e4ydennyskoulutus vastaa t\u00e4h\u00e4n ajankohtaiseen tarpeeseen.<\/span><span data-ccp-props=\"{&quot;335551550&quot;:6,&quot;335551620&quot;:6}\">\u00a0<\/span><\/p>\n<p><span data-contrast=\"auto\">Osallistujia \u00c4lyTeKO-koulutus on ker\u00e4nnyt laajalta opetettavien kielten skaalalta ja eri koulutusasteilta peruskoulusta korkeakouluihin. My\u00f6s osallistujien taidot ja kokemukset teknologian opetusk\u00e4yt\u00f6st\u00e4 vaihtelevat. Osa on ilmoittanut osallistuvansa koulutukseen, koska tuntee tarpeen p\u00e4ivitt\u00e4\u00e4 omia, vanhentuneiksi kokemiaan teknologiataitoja, kun taas toiset osallistujat ovat jo ennest\u00e4\u00e4n innokkaita uusien teknologiapedagogisten ratkaisujen hy\u00f6dynt\u00e4ji\u00e4. Koulutuksen j\u00e4rjest\u00e4jin\u00e4 pyrimme tietenkin antamaan ajattelemisen aihetta ja k\u00e4yt\u00e4nn\u00f6n vihjeit\u00e4 kaikille aiheesta kiinnostuneille, l\u00e4ht\u00f6tasosta riippumatta.<\/span><span data-ccp-props=\"{&quot;335551550&quot;:6,&quot;335551620&quot;:6}\">\u00a0<\/span><\/p>\n<h2>Koulutusta viiten\u00e4 viikonloppuna vuoden mittaan<span data-ccp-props=\"{&quot;335551550&quot;:6,&quot;335551620&quot;:6}\">\u00a0<\/span><\/h2>\n<p><span data-contrast=\"auto\">\u00c4lyTeKO-t\u00e4ydennyskoulutus koostuu viidest\u00e4 koulutuskerrasta, jotka rakentuvat erilaisten teknologiapedagogiikkaan linkittyvien teemojen ymp\u00e4rille. Koulutuskerrat koostuvat luennoista perjantai-iltaisin ja ty\u00f6pajoista lauantaisin. Perjantaisia luentoja on mahdollista tulla seuraamaan paikan p\u00e4\u00e4lle yliopistolle, mutta suurin osa yleis\u00f6st\u00e4 kuuntelee luennot et\u00e4yhteyksien v\u00e4lityksell\u00e4 \u2013 t\u00e4ydennyskoulutus onkin ker\u00e4nnyt osallistuja kaikkialta ymp\u00e4ri Suomea.<\/span><span data-ccp-props=\"{&quot;335551550&quot;:6,&quot;335551620&quot;:6}\">\u00a0<\/span><\/p>\n<p><span data-contrast=\"auto\">Osallistujat, jotka haluavat suorittaa t\u00e4ydennyskoulutuksen laajemman version, osallistuvat lis\u00e4ksi lauantaisin yliopistolla j\u00e4rjestett\u00e4viin l\u00e4hity\u00f6pajoihin. Ty\u00f6pajoissa syvennyt\u00e4\u00e4n luentojen teemoihin enemm\u00e4n my\u00f6s k\u00e4yt\u00e4nn\u00f6n harjoitusten kautta ja vaihdetaan kokemuksia ja mielipiteit\u00e4 kertojen aiheisiin liittyen.\u00a0<\/span><span data-ccp-props=\"{&quot;335551550&quot;:6,&quot;335551620&quot;:6}\">\u00a0<\/span><\/p>\n<h2>Mobiilioppimisesta teko\u00e4lyn etiikkaan, virtuaalimaailmoihin ja robotteihin<\/h2>\n<p><span data-contrast=\"auto\">Syksyll\u00e4 2023 pidettiin kaksi \u00c4lyTeKO-koulutuksen viidest\u00e4 koulutuskerrasta. Ensimm\u00e4isell\u00e4 koulutuskerralla lokakuussa luennot johdattivat koulutuksen aihepiireihin, pureutuen digipedagogiikan, digitaalisen lukutaidon ja mobiilioppimisen teemoihin. Luentoja pitiv\u00e4t professori <\/span><b><span data-contrast=\"auto\">Pekka Lintunen<\/span><\/b><span data-contrast=\"auto\"> englannin oppiaineesta, yliopistonlehtori <\/span><b><span data-contrast=\"auto\">Maarit Mutta<\/span><\/b><span data-contrast=\"auto\"> ranskan oppiaineesta ja yliopisto-opettaja <\/span><b><span data-contrast=\"auto\">Sanna Pelttari<\/span><\/b><span data-contrast=\"auto\"> espanjan oppiaineesta. Lauantain ty\u00f6pajassa osallistujat muun muassa testailivat ryhmiss\u00e4 erilaisia kieltenopetuksessa k\u00e4ytett\u00e4vi\u00e4 digitaalisia sovelluksia ja raportoivat toisilleen havainnoistaan. Ty\u00f6pajaa ohjasivat Sanna Pelttari ja tutkijatohtori <\/span><b><span data-contrast=\"auto\">Pauliina Peltonen<\/span><\/b><span data-contrast=\"auto\">.\u00a0<\/span><span data-ccp-props=\"{&quot;335551550&quot;:6,&quot;335551620&quot;:6}\">\u00a0<\/span><\/p>\n<figure id=\"attachment_9551\" aria-describedby=\"caption-attachment-9551\" style=\"width: 440px\" class=\"wp-caption alignright\"><img loading=\"lazy\" decoding=\"async\" class=\"wp-image-9551 size-large\" src=\"https:\/\/sites.utu.fi\/hiiskuttua\/wp-content\/uploads\/sites\/107\/2024\/02\/AlyTeKokuva2-440x300.jpg\" alt=\"Ilmari Ivaska luennoi tietoturvakysymyksist\u00e4 marraskuun koulutusjaksossa. Kuva: Susanna M\u00e4kinen\u00a0\" width=\"440\" height=\"300\" srcset=\"https:\/\/sites.utu.fi\/soihtu\/wp-content\/uploads\/sites\/107\/2024\/02\/AlyTeKokuva2-440x300.jpg 440w, https:\/\/sites.utu.fi\/soihtu\/wp-content\/uploads\/sites\/107\/2024\/02\/AlyTeKokuva2-360x245.jpg 360w, https:\/\/sites.utu.fi\/soihtu\/wp-content\/uploads\/sites\/107\/2024\/02\/AlyTeKokuva2-768x524.jpg 768w, https:\/\/sites.utu.fi\/soihtu\/wp-content\/uploads\/sites\/107\/2024\/02\/AlyTeKokuva2-1536x1047.jpg 1536w, https:\/\/sites.utu.fi\/soihtu\/wp-content\/uploads\/sites\/107\/2024\/02\/AlyTeKokuva2-228x155.jpg 228w, https:\/\/sites.utu.fi\/soihtu\/wp-content\/uploads\/sites\/107\/2024\/02\/AlyTeKokuva2.jpg 1785w\" sizes=\"auto, (max-width: 440px) 100vw, 440px\" \/><figcaption id=\"caption-attachment-9551\" class=\"wp-caption-text\">Ilmari Ivaska luennoi tietoturvakysymyksist\u00e4 marraskuun koulutusjaksossa. Kuva: Susanna M\u00e4kinen<\/figcaption><\/figure>\n<p><span data-ccp-props=\"{&quot;335551550&quot;:6,&quot;335551620&quot;:6}\">M<\/span><span data-contrast=\"auto\">arraskuun koulutuskerta alkoi perehtymisell\u00e4 tietoturvakysymyksiin, joista luennoi apulaisprofessori <\/span><b><span data-contrast=\"auto\">Ilmari Ivaska<\/span><\/b><span data-contrast=\"auto\"> suomen kielen oppiaineesta. Seuraavaksi professori <\/span><b><span data-contrast=\"auto\">Minna Maijala <\/span><\/b><span data-contrast=\"auto\">saksan oppiaineesta tarkasteli teko\u00e4lyn k\u00e4yt\u00f6n eettisi\u00e4 kysymyksi\u00e4 kielten opetuksen n\u00e4k\u00f6kulmasta. N\u00e4it\u00e4 kysymyksi\u00e4 olivat koulutukseen osallistujat pohtineet jo luennon ennakkoteht\u00e4v\u00e4ss\u00e4. Koulutuskerran viimeisen luennon piti <\/span><b><span data-contrast=\"auto\">Tomi Rautaoja <\/span><\/b><span data-contrast=\"auto\">Turun yliopiston oppimisanalytiikan keskuksesta. Oppimisanalytiikka oli my\u00f6s teemana lauantain ty\u00f6pajassa, jossa osallistujat jakoivat kokemuksiaan ja etsiv\u00e4t yhdess\u00e4 uusia tapoja analytiikan hy\u00f6dynt\u00e4miseen kieltenopetuksessa.<\/span><span data-ccp-props=\"{&quot;335551550&quot;:6,&quot;335551620&quot;:6}\">\u00a0<\/span><\/p>\n<p><span data-contrast=\"auto\">Vuonna 2024 \u00c4lyTeKO-t\u00e4ydennyskoulutus jatkuu viel\u00e4 kolmella koulutusjaksolla. N\u00e4iss\u00e4 syvennyt\u00e4\u00e4n muun muassa videov\u00e4litteisyyden, virtuaalitodellisuuksien, sosiaalisten robottien, teko\u00e4lypohjaisten tekstigeneraattoreiden ja konek\u00e4\u00e4ntimien hy\u00f6dynt\u00e4miseen kielten opettamisessa.<\/span><span data-ccp-props=\"{&quot;335551550&quot;:6,&quot;335551620&quot;:6}\">\u00a0<\/span><\/p>\n<ul>\n<li><span data-contrast=\"auto\">Lis\u00e4tietoa koulutuksesta l\u00f6ytyy sivuilta: <a href=\"https:\/\/sites.utu.fi\/alyteko\/\" target=\"_blank\" rel=\"noopener\">https:\/\/sites.utu.fi\/alyteko\/<\/a><\/span><span data-ccp-props=\"{&quot;335551550&quot;:6,&quot;335551620&quot;:6}\">\u00a0<\/span><\/li>\n<\/ul>\n<p><span data-ccp-props=\"{&quot;335551550&quot;:6,&quot;335551620&quot;:6}\"><br \/>\nAloituskuva:\u00a0 Ty\u00f6pajaty\u00f6skentely\u00e4 Sanna Pelttarin ja Pauliina Peltosen johdolla lokakuun koulutuksessa. Kuva: Susanna M\u00e4kinen.<\/span><\/p>\n<p><i><span data-contrast=\"auto\">Kirjoittajat: Susanna M\u00e4kinen ty\u00f6skentelee projektitutkijana \u00c4lyTeKO-hankkeessa ja Outi Veivo on hankkeen vastuullinen johtaja.\u00a0<\/span><\/i><span data-ccp-props=\"{&quot;335551550&quot;:6,&quot;335551620&quot;:6}\">\u00a0<\/span><\/p>\n","protected":false},"excerpt":{"rendered":"<p>Kieli- ja k\u00e4\u00e4nn\u00f6stieteiden laitoksella on k\u00e4ynniss\u00e4 Opetushallituksen rahoittama t\u00e4ydennyskoulutus \u00c4ly\u00e4 teko\u00e4lyyn \u2013 mielek\u00e4st\u00e4 teknologiapedagogiikkaa kielten opetukseen (\u00c4lyTeKO). Koulutus on her\u00e4tt\u00e4nyt paljon kiinnostusta, sill\u00e4 siin\u00e4 on mukana l\u00e4hes 130 opettajaa ja koulutusalan toimijaa eri puolilta Suomea.\u00a0 T\u00e4n\u00e4 lukuvuonna j\u00e4rjestett\u00e4v\u00e4 teknologiateemainen t\u00e4ydennyskoulutus&#8230;<\/p>\n","protected":false},"author":4544,"featured_media":9550,"comment_status":"closed","ping_status":"closed","sticky":false,"template":"","format":"standard","meta":{"_acf_changed":false,"_kad_blocks_custom_css":"","_kad_blocks_head_custom_js":"","_kad_blocks_body_custom_js":"","_kad_blocks_footer_custom_js":"","_kad_post_transparent":"","_kad_post_title":"","_kad_post_layout":"","_kad_post_sidebar_id":"","_kad_post_content_style":"","_kad_post_vertical_padding":"","_kad_post_feature":"","_kad_post_feature_position":"","_kad_post_header":false,"_kad_post_footer":false,"_kad_post_classname":"","wds_primary_category":0,"footnotes":""},"categories":[119],"tags":[2353,1031,977],"class_list":["post-9549","post","type-post","status-publish","format-standard","has-post-thumbnail","hentry","category-tutkimus-ja-opetus","tag-hiiskuttua","tag-kielenopetus","tag-kieli-ja-kaannostieteiden-laitos"],"acf":[],"lang":"fi","translations":{"fi":9549},"taxonomy_info":{"category":[{"value":119,"label":"Tutkimus ja opetus"}],"post_tag":[{"value":2353,"label":"Hiiskuttua"},{"value":1031,"label":"kielenopetus"},{"value":977,"label":"kieli-ja k\u00e4\u00e4nn\u00f6stieteiden laitos"}]},"featured_image_src_large":["https:\/\/sites.utu.fi\/soihtu\/wp-content\/uploads\/sites\/107\/2024\/02\/AlyTeKOkuva1-510x300.jpg",510,300,true],"author_info":{"display_name":"Susanna M\u00e4kinen, Outi Veivo","author_link":"https:\/\/sites.utu.fi\/soihtu\/author\/paileiutufi\/"},"comment_info":0,"category_info":[{"term_id":119,"name":"Tutkimus ja opetus","slug":"tutkimus-ja-opetus","term_group":0,"term_taxonomy_id":119,"taxonomy":"category","description":"","parent":0,"count":410,"filter":"raw","cat_ID":119,"category_count":410,"category_description":"","cat_name":"Tutkimus ja opetus","category_nicename":"tutkimus-ja-opetus","category_parent":0}],"tag_info":[{"term_id":2353,"name":"Hiiskuttua","slug":"hiiskuttua","term_group":0,"term_taxonomy_id":2356,"taxonomy":"post_tag","description":"","parent":0,"count":971,"filter":"raw"},{"term_id":1031,"name":"kielenopetus","slug":"kielenopetus","term_group":0,"term_taxonomy_id":1034,"taxonomy":"post_tag","description":"","parent":0,"count":23,"filter":"raw"},{"term_id":977,"name":"kieli-ja k\u00e4\u00e4nn\u00f6stieteiden laitos","slug":"kieli-ja-kaannostieteiden-laitos","term_group":0,"term_taxonomy_id":980,"taxonomy":"post_tag","description":"","parent":0,"count":62,"filter":"raw"}],"pll_sync_post":[],"_links":{"self":[{"href":"https:\/\/sites.utu.fi\/soihtu\/wp-json\/wp\/v2\/posts\/9549","targetHints":{"allow":["GET"]}}],"collection":[{"href":"https:\/\/sites.utu.fi\/soihtu\/wp-json\/wp\/v2\/posts"}],"about":[{"href":"https:\/\/sites.utu.fi\/soihtu\/wp-json\/wp\/v2\/types\/post"}],"author":[{"embeddable":true,"href":"https:\/\/sites.utu.fi\/soihtu\/wp-json\/wp\/v2\/users\/4544"}],"replies":[{"embeddable":true,"href":"https:\/\/sites.utu.fi\/soihtu\/wp-json\/wp\/v2\/comments?post=9549"}],"version-history":[{"count":5,"href":"https:\/\/sites.utu.fi\/soihtu\/wp-json\/wp\/v2\/posts\/9549\/revisions"}],"predecessor-version":[{"id":9570,"href":"https:\/\/sites.utu.fi\/soihtu\/wp-json\/wp\/v2\/posts\/9549\/revisions\/9570"}],"wp:featuredmedia":[{"embeddable":true,"href":"https:\/\/sites.utu.fi\/soihtu\/wp-json\/wp\/v2\/media\/9550"}],"wp:attachment":[{"href":"https:\/\/sites.utu.fi\/soihtu\/wp-json\/wp\/v2\/media?parent=9549"}],"wp:term":[{"taxonomy":"category","embeddable":true,"href":"https:\/\/sites.utu.fi\/soihtu\/wp-json\/wp\/v2\/categories?post=9549"},{"taxonomy":"post_tag","embeddable":true,"href":"https:\/\/sites.utu.fi\/soihtu\/wp-json\/wp\/v2\/tags?post=9549"}],"curies":[{"name":"wp","href":"https:\/\/api.w.org\/{rel}","templated":true}]}}